{"id":79233,"date":"2026-09-03T07:00:06","date_gmt":"2026-09-03T11:00:06","guid":{"rendered":"https:\/\/www.radiosanctispiritus.cu\/es\/?p=79233"},"modified":"2026-09-03T08:41:11","modified_gmt":"2026-09-03T12:41:11","slug":"noticiero-un-paso-mas-emision-del-jueves-3-de-septiembre-de-2026","status":"publish","type":"post","link":"https:\/\/www.radiosanctispiritus.cu\/es\/noticiero-un-paso-mas-emision-del-jueves-3-de-septiembre-de-2026\/","title":{"rendered":"Noticiero Un Paso M\u00e1s (Emisi\u00f3n del jueves, 3 de septiembre de 2026)"},"content":{"rendered":"<h3><strong><span class=\"\">Cr\u00e9ditos de la Emisi\u00f3n<\/span><\/strong><\/h3>\n<ul>\n<li>\n<p class=\"ds-markdown-paragraph\"><strong><span class=\"\">Voces Conductoras:<\/span><\/strong><span class=\"\"> Marlene Isel Borges D\u00edaz y Julio Antonio P\u00e9rez Rodr\u00edguez.<\/span><\/p>\n<\/li>\n<li>\n<p class=\"ds-markdown-paragraph\"><strong><span class=\"\">Voz Incidental:<\/span><\/strong><span class=\"\"> Katia Garc\u00eda \u00c1lvarez.<\/span><\/p>\n<\/li>\n<li>\n<p class=\"ds-markdown-paragraph\"><strong><span class=\"\">Sonido:<\/span><\/strong><span class=\"\"> Thaila D\u00edaz D\u00edaz.<\/span><\/p>\n<\/li>\n<li>\n<p class=\"ds-markdown-paragraph\"><strong><span class=\"\">Redacci\u00f3n de Noticias:<\/span><\/strong><span class=\"\"> Reinol Cruz.<\/span><\/p>\n<\/li>\n<li>\n<p class=\"ds-markdown-paragraph\"><strong><span class=\"\">Productor:<\/span><\/strong><span class=\"\"> Jairo Alberto Pacheco Crespo.<\/span><\/p>\n<\/li>\n<li>\n<p class=\"ds-markdown-paragraph\"><strong><span class=\"\">Direcci\u00f3n General:<\/span><\/strong><span class=\"\"> Yandy Ram\u00edrez D\u00edaz.<\/span><\/p>\n<\/li>\n<\/ul>\n","protected":false},"excerpt":{"rendered":"<p>Cr\u00e9ditos de la Emisi\u00f3n Voces Conductoras: Marlene Isel Borges D\u00edaz y Julio Antonio P\u00e9rez Rodr\u00edguez. Voz Incidental: Katia Garc\u00eda \u00c1lvarez. Sonido: Thaila D\u00edaz D\u00edaz. Redacci\u00f3n de Noticias: Reinol Cruz. Productor: Jairo Alberto Pacheco Crespo. Direcci\u00f3n General: Yandy Ram\u00edrez D\u00edaz.<\/p>\n","protected":false},"author":4,"featured_media":73874,"comment_status":"open","ping_status":"open","sticky":false,"template":"","format":"audio","meta":{"_acf_changed":false,"footnotes":""},"categories":[10,9,2163],"tags":[3419,3092,550,1780,3418],"coauthors":[1883],"class_list":["post-79233","post","type-post","status-publish","format-audio","has-post-thumbnail","hentry","category-programas-de-radio","category-en-audio","category-un-paso-mas","tag-elecciones-brasil","tag-noticias-cuba","tag-radio-cubana","tag-sancti-spiritus","tag-universidad-jose-marti","post_format-post-format-audio"],"acf":[],"_links":{"self":[{"href":"https:\/\/www.radiosanctispiritus.cu\/es\/wp-json\/wp\/v2\/posts\/79233","targetHints":{"allow":["GET"]}}],"collection":[{"href":"https:\/\/www.radiosanctispiritus.cu\/es\/wp-json\/wp\/v2\/posts"}],"about":[{"href":"https:\/\/www.radiosanctispiritus.cu\/es\/wp-json\/wp\/v2\/types\/post"}],"author":[{"embeddable":true,"href":"https:\/\/www.radiosanctispiritus.cu\/es\/wp-json\/wp\/v2\/users\/4"}],"replies":[{"embeddable":true,"href":"https:\/\/www.radiosanctispiritus.cu\/es\/wp-json\/wp\/v2\/comments?post=79233"}],"version-history":[{"count":3,"href":"https:\/\/www.radiosanctispiritus.cu\/es\/wp-json\/wp\/v2\/posts\/79233\/revisions"}],"predecessor-version":[{"id":79237,"href":"https:\/\/www.radiosanctispiritus.cu\/es\/wp-json\/wp\/v2\/posts\/79233\/revisions\/79237"}],"wp:featuredmedia":[{"embeddable":true,"href":"https:\/\/www.radiosanctispiritus.cu\/es\/wp-json\/wp\/v2\/media\/73874"}],"wp:attachment":[{"href":"https:\/\/www.radiosanctispiritus.cu\/es\/wp-json\/wp\/v2\/media?parent=79233"}],"wp:term":[{"taxonomy":"category","embeddable":true,"href":"https:\/\/www.radiosanctispiritus.cu\/es\/wp-json\/wp\/v2\/categories?post=79233"},{"taxonomy":"post_tag","embeddable":true,"href":"https:\/\/www.radiosanctispiritus.cu\/es\/wp-json\/wp\/v2\/tags?post=79233"},{"taxonomy":"author","embeddable":true,"href":"https:\/\/www.radiosanctispiritus.cu\/es\/wp-json\/wp\/v2\/coauthors?post=79233"}],"curies":[{"name":"wp","href":"https:\/\/api.w.org\/{rel}","templated":true}]}}