{"id":79221,"date":"2026-09-03T06:06:52","date_gmt":"2026-09-03T10:06:52","guid":{"rendered":"https:\/\/www.radiosanctispiritus.cu\/es\/?p=79221"},"modified":"2026-09-03T06:06:52","modified_gmt":"2026-09-03T10:06:52","slug":"cuba-por-un-sistema-empresarial-mas-competitivo-descentralizado-y-socialmente-responsable","status":"publish","type":"post","link":"https:\/\/www.radiosanctispiritus.cu\/es\/cuba-por-un-sistema-empresarial-mas-competitivo-descentralizado-y-socialmente-responsable\/","title":{"rendered":"Cuba por un sistema empresarial m\u00e1s competitivo, descentralizado y socialmente responsable"},"content":{"rendered":"<p>El presidente del Instituto Nacional de Activos Empresariales Estatales, Roberto Ricardo Marrero, calific\u00f3 la jornada como \u201cun d\u00eda hist\u00f3rico para el sistema empresarial cubano\u201d, al anunciar la publicaci\u00f3n en la Gaceta Oficial de la Rep\u00fablica de Cuba, n\u00famero 120, del Decreto-Ley sobre la empresa estatal socialista y un conjunto de ocho normas complementarias.<\/p>\n<p>Marrero detall\u00f3 que estas disposiciones se inscriben en el marco de las 17 transformaciones del eje tem\u00e1tico n\u00famero uno, dedicado al sistema empresarial estatal, y que tambi\u00e9n tributan al eje dos, vinculado a la propiedad y gesti\u00f3n. \u201cPr\u00e1cticamente tienen que ver con las 176 transformaciones de los 23 ejes que tenemos nosotros en las transformaciones econ\u00f3micas y sociales\u201d, puntualiz\u00f3, subrayando la integralidad del proceso.<\/p>\n<p>El directivo inform\u00f3 que las normas entrar\u00e1n en vigor en un plazo de siete d\u00edas, a partir del 9 de septiembre, y que los directores de empresas ya disponen de los textos impresos para su aplicaci\u00f3n inmediata. \u201cSe le est\u00e1 dando siete d\u00edas para que se implementen las normas. Estuvimos evalu\u00e1ndolo con los compa\u00f1eros de la Asamblea Nacional, porque se ha estado trabajando muy fuertemente en ellas\u201d, explic\u00f3.<\/p>\n<p>El presidente del Instituto record\u00f3 que el art\u00edculo 27 de la Constituci\u00f3n de la Rep\u00fablica establece que la Empresa Estatal Socialista es el sujeto principal de la econom\u00eda, con autonom\u00eda en su administraci\u00f3n y gesti\u00f3n, y que adem\u00e1s tributa al programa econ\u00f3mico y social del gobierno para el 2026. \u201cEste se ha estado trabajando con mucha fuerza\u201d, asegur\u00f3.<\/p>\n<p>Marrero destac\u00f3 que el proceso normativo se elabor\u00f3 en \u201ctiempo r\u00e9cord\u201d, gracias a un grupo de trabajo temporal que integr\u00f3 a representantes de empresas, grupos empresariales y organismos del Estado. \u201cHa sido poco tiempo realmente, desde que se aprob\u00f3 por el pleno del Comit\u00e9 Central del Partido Comunista de Cuba y nuestra Asamblea Nacional del Poder Popular\u201d, se\u00f1al\u00f3.<\/p>\n<h3>Autonom\u00eda y entramado empresarial<\/h3>\n<p>El directivo enfatiz\u00f3 que la nueva normativa otorga a las empresas un\u00a0<strong>nivel de autonom\u00eda total<\/strong>, convirti\u00e9ndolas en \u201cel eje fundamental del desarrollo econ\u00f3mico de nuestro pa\u00eds\u201d. Para ilustrar el alcance, present\u00f3 una l\u00e1mina sobre el\u00a0<strong>entramado empresarial nacional<\/strong>, que incluye:<\/p>\n<ul role=\"list\">\n<li><strong>77 grupos empresariales<\/strong>, de los cuales 56 son atendidos directamente por el Instituto y 21 por los territorios.<\/li>\n<li><strong>1,732 empresas<\/strong>, de ellas 756 territoriales.<\/li>\n<li><strong>297 sociedades mercantiles<\/strong>.<\/li>\n<li><strong>214 filiales<\/strong>.<\/li>\n<li><strong>292 mipymes estatales<\/strong>.<\/li>\n<\/ul>\n<p>\u201cEsto le llega al 100% de las empresas, no solo a las de subordinaci\u00f3n nacional, sino tambi\u00e9n a las locales, las del Poder Popular, las de los gobiernos municipales y consejos populares\u201d, subray\u00f3.<\/p>\n<h3>Normas complementarias<\/h3>\n<p>Entre las disposiciones aprobadas, Marrero mencion\u00f3:<\/p>\n<ul role=\"list\">\n<li>La\u00a0<strong>Resoluci\u00f3n 170 sobre relaciones financieras con el presupuesto del Estado<\/strong>, considerada hist\u00f3rica por ser la primera emitida por el Instituto.<\/li>\n<li>Una resoluci\u00f3n sobre\u00a0<strong>movimientos organizativos<\/strong>, que regula la creaci\u00f3n y fusi\u00f3n de empresas y otorga facultades a los territorios para aprobar nuevas entidades sin necesidad de acudir al Ministerio de Econom\u00eda.<\/li>\n<li>Normas sobre el\u00a0<strong>funcionamiento de las juntas de gobierno<\/strong>, que incluyen la participaci\u00f3n de los trabajadores en un 20% de sus integrantes.<\/li>\n<li>Procedimientos financieros, tributarios y contables que redefinen las relaciones con el presupuesto estatal.<\/li>\n<\/ul>\n<p><strong>Marrero aclar\u00f3 que el Instituto \u201cno es un superministerio, no administra empresas ni activos\u201d<\/strong>, sino que dirige las transformaciones y busca hacer crecer los recursos. \u201cLa funci\u00f3n principal del Instituto es hacer crecer sus activos, muchos de los cuales hoy est\u00e1n subutilizados y no generan riqueza\u201d, explic\u00f3.<\/p>\n<h3>Participaci\u00f3n de los trabajadores y responsabilidad social<\/h3>\n<p>El presidente del Instituto destac\u00f3 que la nueva normativa otorga un papel in\u00e9dito a los trabajadores en la toma de decisiones. \u201cEsta norma tiene una participaci\u00f3n de los trabajadores que pudi\u00e9ramos decir que no tiene precedente\u201d, afirm\u00f3, al explicar que el 20% de los integrantes de las juntas de gobierno ser\u00e1n elegidos por los propios colectivos laborales.<\/p>\n<p>Asimismo, subray\u00f3 la importancia de la\u00a0<strong>responsabilidad social<\/strong>\u00a0en estas transformaciones:\u00a0<em>\u201cVamos a crear riqueza, \u00bfpero para qu\u00e9? Para nuestro pueblo, para ser eficientes en el servicio al pueblo, no solo para la empresa\u201d<\/em>.<\/p>\n<p>Marrero inform\u00f3 que se han realizado dos capacitaciones nacionales con directores de grupos empresariales, gobernadores e intendentes, presididas por el primer ministro, en las que se escucharon preocupaciones y se ofrecieron respuestas. Adem\u00e1s, se efectuaron recorridos por las provincias y encuentros semanales del presidente de la Rep\u00fablica con empresarios para evaluar avances.<\/p>\n<p>\u201cEl \u00fanico objetivo entre gobierno, Estado y empresas es aportar y hacer rendir el presupuesto del Estado\u201d, concluy\u00f3 Marrero, dejando claro que las transformaciones buscan eficiencia econ\u00f3mica con impacto social.<\/p>\n","protected":false},"excerpt":{"rendered":"<p>El presidente del Instituto Nacional de Activos Empresariales Estatales, Roberto Ricardo Marrero, calific\u00f3 la jornada como \u201cun d\u00eda hist\u00f3rico para el sistema empresarial cubano\u201d, al anunciar la publicaci\u00f3n en la Gaceta Oficial de la Rep\u00fablica de Cuba, n\u00famero 120, del Decreto-Ley sobre la empresa estatal socialista y un conjunto de ocho normas complementarias.<\/p>\n","protected":false},"author":26,"featured_media":79222,"comment_status":"open","ping_status":"open","sticky":false,"template":"","format":"standard","meta":{"_acf_changed":false,"footnotes":""},"categories":[8,3,16],"tags":[2404,2926,97],"coauthors":[1887],"class_list":["post-79221","post","type-post","status-publish","format-standard","has-post-thumbnail","hentry","category-noticia","category-cuba","category-economia","tag-empresa-estatal","tag-instituto-nacional-de-activos-empresariales-estatales","tag-sistema-empresarial"],"acf":[],"_links":{"self":[{"href":"https:\/\/www.radiosanctispiritus.cu\/es\/wp-json\/wp\/v2\/posts\/79221","targetHints":{"allow":["GET"]}}],"collection":[{"href":"https:\/\/www.radiosanctispiritus.cu\/es\/wp-json\/wp\/v2\/posts"}],"about":[{"href":"https:\/\/www.radiosanctispiritus.cu\/es\/wp-json\/wp\/v2\/types\/post"}],"author":[{"embeddable":true,"href":"https:\/\/www.radiosanctispiritus.cu\/es\/wp-json\/wp\/v2\/users\/26"}],"replies":[{"embeddable":true,"href":"https:\/\/www.radiosanctispiritus.cu\/es\/wp-json\/wp\/v2\/comments?post=79221"}],"version-history":[{"count":1,"href":"https:\/\/www.radiosanctispiritus.cu\/es\/wp-json\/wp\/v2\/posts\/79221\/revisions"}],"predecessor-version":[{"id":79223,"href":"https:\/\/www.radiosanctispiritus.cu\/es\/wp-json\/wp\/v2\/posts\/79221\/revisions\/79223"}],"wp:featuredmedia":[{"embeddable":true,"href":"https:\/\/www.radiosanctispiritus.cu\/es\/wp-json\/wp\/v2\/media\/79222"}],"wp:attachment":[{"href":"https:\/\/www.radiosanctispiritus.cu\/es\/wp-json\/wp\/v2\/media?parent=79221"}],"wp:term":[{"taxonomy":"category","embeddable":true,"href":"https:\/\/www.radiosanctispiritus.cu\/es\/wp-json\/wp\/v2\/categories?post=79221"},{"taxonomy":"post_tag","embeddable":true,"href":"https:\/\/www.radiosanctispiritus.cu\/es\/wp-json\/wp\/v2\/tags?post=79221"},{"taxonomy":"author","embeddable":true,"href":"https:\/\/www.radiosanctispiritus.cu\/es\/wp-json\/wp\/v2\/coauthors?post=79221"}],"curies":[{"name":"wp","href":"https:\/\/api.w.org\/{rel}","templated":true}]}}