{"id":79206,"date":"2026-09-02T16:55:10","date_gmt":"2026-09-02T20:55:10","guid":{"rendered":"https:\/\/www.radiosanctispiritus.cu\/es\/?p=79206"},"modified":"2026-09-02T16:55:10","modified_gmt":"2026-09-02T20:55:10","slug":"etecsa-informa-afectaciones-en-el-servicio-de-sms-y-suspension-temporal-de-transfermovil","status":"publish","type":"post","link":"https:\/\/www.radiosanctispiritus.cu\/es\/etecsa-informa-afectaciones-en-el-servicio-de-sms-y-suspension-temporal-de-transfermovil\/","title":{"rendered":"ETECSA informa afectaciones en el servicio de SMS y suspensi\u00f3n temporal de Transferm\u00f3vil"},"content":{"rendered":"<p>La Empresa de Telecomunicaciones de Cuba S.A. (ETECSA) inform\u00f3 este mi\u00e9rcoles que, debido a dificultades t\u00e9cnicas, est\u00e1 afectado el env\u00edo y la recepci\u00f3n de mensajer\u00eda a trav\u00e9s de SMS.<\/p>\n<p>Esta situaci\u00f3n ha provocado la suspensi\u00f3n temporal de Transferm\u00f3vil, al no disponer de las notificaciones necesarias para su funcionamiento.<\/p>\n<p>La empresa se\u00f1al\u00f3 en la red social X que trabaja para restablecer ambos servicios en el menor tiempo posible.<\/p>\n","protected":false},"excerpt":{"rendered":"<p>La Empresa de Telecomunicaciones de Cuba S.A. (ETECSA) inform\u00f3 este mi\u00e9rcoles que, debido a dificultades t\u00e9cnicas, est\u00e1 afectado el env\u00edo y la recepci\u00f3n de mensajer\u00eda a trav\u00e9s de SMS, situaci\u00f3n que ha provocado la suspensi\u00f3n temporal de Transferm\u00f3vil.<\/p>\n","protected":false},"author":26,"featured_media":76494,"comment_status":"open","ping_status":"open","sticky":false,"template":"","format":"standard","meta":{"_acf_changed":false,"footnotes":""},"categories":[1],"tags":[339,627],"coauthors":[1887],"class_list":["post-79206","post","type-post","status-publish","format-standard","has-post-thumbnail","hentry","category-sancti-spiritus","tag-etecsa","tag-transfermovil"],"acf":[],"_links":{"self":[{"href":"https:\/\/www.radiosanctispiritus.cu\/es\/wp-json\/wp\/v2\/posts\/79206","targetHints":{"allow":["GET"]}}],"collection":[{"href":"https:\/\/www.radiosanctispiritus.cu\/es\/wp-json\/wp\/v2\/posts"}],"about":[{"href":"https:\/\/www.radiosanctispiritus.cu\/es\/wp-json\/wp\/v2\/types\/post"}],"author":[{"embeddable":true,"href":"https:\/\/www.radiosanctispiritus.cu\/es\/wp-json\/wp\/v2\/users\/26"}],"replies":[{"embeddable":true,"href":"https:\/\/www.radiosanctispiritus.cu\/es\/wp-json\/wp\/v2\/comments?post=79206"}],"version-history":[{"count":1,"href":"https:\/\/www.radiosanctispiritus.cu\/es\/wp-json\/wp\/v2\/posts\/79206\/revisions"}],"predecessor-version":[{"id":79207,"href":"https:\/\/www.radiosanctispiritus.cu\/es\/wp-json\/wp\/v2\/posts\/79206\/revisions\/79207"}],"wp:featuredmedia":[{"embeddable":true,"href":"https:\/\/www.radiosanctispiritus.cu\/es\/wp-json\/wp\/v2\/media\/76494"}],"wp:attachment":[{"href":"https:\/\/www.radiosanctispiritus.cu\/es\/wp-json\/wp\/v2\/media?parent=79206"}],"wp:term":[{"taxonomy":"category","embeddable":true,"href":"https:\/\/www.radiosanctispiritus.cu\/es\/wp-json\/wp\/v2\/categories?post=79206"},{"taxonomy":"post_tag","embeddable":true,"href":"https:\/\/www.radiosanctispiritus.cu\/es\/wp-json\/wp\/v2\/tags?post=79206"},{"taxonomy":"author","embeddable":true,"href":"https:\/\/www.radiosanctispiritus.cu\/es\/wp-json\/wp\/v2\/coauthors?post=79206"}],"curies":[{"name":"wp","href":"https:\/\/api.w.org\/{rel}","templated":true}]}}