{"id":79187,"date":"2026-09-02T15:44:44","date_gmt":"2026-09-02T19:44:44","guid":{"rendered":"https:\/\/www.radiosanctispiritus.cu\/es\/?p=79187"},"modified":"2026-09-02T15:44:44","modified_gmt":"2026-09-02T19:44:44","slug":"prosigue-en-sancti-spiritus-la-recogida-de-desechos-solidos","status":"publish","type":"post","link":"https:\/\/www.radiosanctispiritus.cu\/es\/prosigue-en-sancti-spiritus-la-recogida-de-desechos-solidos\/","title":{"rendered":"Prosigue en Sancti Sp\u00edritus la recogida de desechos s\u00f3lidos"},"content":{"rendered":"<p class=\"ds-markdown-paragraph\"><span class=\"\">En Sancti Sp\u00edritus se recogen diariamente m\u00e1s de 550 metros c\u00fabicos de desechos s\u00f3lidos como parte de un sistema de trabajo que integra los servicios comunales y las Mipymes en zonas cr\u00edticas de la cabecera provincial. <\/span><\/p>\n<p class=\"ds-markdown-paragraph\"><span class=\"\">Las acciones se concentran en los consejos populares Olivos y Kilo 12, donde la participaci\u00f3n del sector no estatal ha permitido eliminar microvertederos, incluyendo \u00e1reas del Camino de La Habana, seg\u00fan inform\u00f3 Norbelli Gonz\u00e1lez Cepeda, director de la Empresa Municipal de Servicios Comunales.<\/span><\/p>\n<p class=\"ds-markdown-paragraph\"><span class=\"\">En el Centro Hist\u00f3rico de la urbe, la recogida de basura se mantiene en dos sesiones diarias, al amanecer y en la tarde, como responsabilidad exclusiva de los servicios comunales, mientras que en situaciones de crisis de combustible las Mipymes intervienen tambi\u00e9n en este quehacer.<\/span><\/p>\n<p><iframe src=\"https:\/\/www.ivoox.com\/player_ej_179860016_6_1.html?c1=84140c\" width=\"100%\" height=\"200\" frameborder=\"0\" scrolling=\"no\" allowfullscreen=\"allowfullscreen\"><\/iframe><\/p>\n","protected":false},"excerpt":{"rendered":"<p>En Sancti Sp\u00edritus se recogen diariamente m\u00e1s de 550 metros c\u00fabicos de desechos s\u00f3lidos como parte de un sistema de trabajo que integra los servicios comunales y las Mipymes en zonas cr\u00edticas de la cabecera provincial.<\/p>\n","protected":false},"author":166,"featured_media":76767,"comment_status":"open","ping_status":"open","sticky":false,"template":"","format":"standard","meta":{"_acf_changed":false,"footnotes":""},"categories":[8,9,1],"tags":[],"coauthors":[1901],"class_list":["post-79187","post","type-post","status-publish","format-standard","has-post-thumbnail","hentry","category-noticia","category-en-audio","category-sancti-spiritus"],"acf":[],"_links":{"self":[{"href":"https:\/\/www.radiosanctispiritus.cu\/es\/wp-json\/wp\/v2\/posts\/79187","targetHints":{"allow":["GET"]}}],"collection":[{"href":"https:\/\/www.radiosanctispiritus.cu\/es\/wp-json\/wp\/v2\/posts"}],"about":[{"href":"https:\/\/www.radiosanctispiritus.cu\/es\/wp-json\/wp\/v2\/types\/post"}],"author":[{"embeddable":true,"href":"https:\/\/www.radiosanctispiritus.cu\/es\/wp-json\/wp\/v2\/users\/166"}],"replies":[{"embeddable":true,"href":"https:\/\/www.radiosanctispiritus.cu\/es\/wp-json\/wp\/v2\/comments?post=79187"}],"version-history":[{"count":1,"href":"https:\/\/www.radiosanctispiritus.cu\/es\/wp-json\/wp\/v2\/posts\/79187\/revisions"}],"predecessor-version":[{"id":79188,"href":"https:\/\/www.radiosanctispiritus.cu\/es\/wp-json\/wp\/v2\/posts\/79187\/revisions\/79188"}],"wp:featuredmedia":[{"embeddable":true,"href":"https:\/\/www.radiosanctispiritus.cu\/es\/wp-json\/wp\/v2\/media\/76767"}],"wp:attachment":[{"href":"https:\/\/www.radiosanctispiritus.cu\/es\/wp-json\/wp\/v2\/media?parent=79187"}],"wp:term":[{"taxonomy":"category","embeddable":true,"href":"https:\/\/www.radiosanctispiritus.cu\/es\/wp-json\/wp\/v2\/categories?post=79187"},{"taxonomy":"post_tag","embeddable":true,"href":"https:\/\/www.radiosanctispiritus.cu\/es\/wp-json\/wp\/v2\/tags?post=79187"},{"taxonomy":"author","embeddable":true,"href":"https:\/\/www.radiosanctispiritus.cu\/es\/wp-json\/wp\/v2\/coauthors?post=79187"}],"curies":[{"name":"wp","href":"https:\/\/api.w.org\/{rel}","templated":true}]}}