{"id":79184,"date":"2026-09-02T15:39:14","date_gmt":"2026-09-02T19:39:14","guid":{"rendered":"https:\/\/www.radiosanctispiritus.cu\/es\/?p=79184"},"modified":"2026-09-02T15:39:14","modified_gmt":"2026-09-02T19:39:14","slug":"el-futuro-de-la-cultura-espirituana-ya-viste-de-uniforme","status":"publish","type":"post","link":"https:\/\/www.radiosanctispiritus.cu\/es\/el-futuro-de-la-cultura-espirituana-ya-viste-de-uniforme\/","title":{"rendered":"El futuro de la cultura espirituana ya viste de uniforme"},"content":{"rendered":"<p>Tras concluir, con muchos esfuerzos y pr\u00e1cticas nunca antes experimentadas el curso escolar 2025-2026, uno de los m\u00e1s dif\u00edciles en la historia de la ense\u00f1anza en la isla, la Escuela de Arte Ernesto Lecuona, de Sancti Sp\u00edritus, abre sus puertas al actual per\u00edodo lectivo con los pies afincados en el complejo contexto. Y aunque se avizoran tiempos igual de dif\u00edciles, su claustro no ha perdido el \u00edmpetu de esculpir el futuro cultural de este territorio desde la formaci\u00f3n integral.<\/p>\n<p><iframe src=\"https:\/\/www.ivoox.com\/player_ej_179859555_6_1.html?c1=84140c\" width=\"100%\" height=\"200\" frameborder=\"0\" scrolling=\"no\" allowfullscreen=\"allowfullscreen\"><\/iframe><\/p>\n","protected":false},"excerpt":{"rendered":"<p>Tras concluir, con muchos esfuerzos y pr\u00e1cticas nunca antes experimentadas el curso escolar 2025-2026, uno de los m\u00e1s dif\u00edciles en la historia de la ense\u00f1anza en la isla, la Escuela de Arte Ernesto Lecuona, de Sancti Sp\u00edritus, abre sus puertas al actual per\u00edodo lectivo con los pies afincados en el complejo contexto.<\/p>\n","protected":false},"author":12,"featured_media":79185,"comment_status":"open","ping_status":"open","sticky":false,"template":"","format":"standard","meta":{"_acf_changed":false,"footnotes":""},"categories":[8,6,14,9,1],"tags":[],"coauthors":[1864],"class_list":["post-79184","post","type-post","status-publish","format-standard","has-post-thumbnail","hentry","category-noticia","category-cultura","category-educacion","category-en-audio","category-sancti-spiritus"],"acf":[],"_links":{"self":[{"href":"https:\/\/www.radiosanctispiritus.cu\/es\/wp-json\/wp\/v2\/posts\/79184","targetHints":{"allow":["GET"]}}],"collection":[{"href":"https:\/\/www.radiosanctispiritus.cu\/es\/wp-json\/wp\/v2\/posts"}],"about":[{"href":"https:\/\/www.radiosanctispiritus.cu\/es\/wp-json\/wp\/v2\/types\/post"}],"author":[{"embeddable":true,"href":"https:\/\/www.radiosanctispiritus.cu\/es\/wp-json\/wp\/v2\/users\/12"}],"replies":[{"embeddable":true,"href":"https:\/\/www.radiosanctispiritus.cu\/es\/wp-json\/wp\/v2\/comments?post=79184"}],"version-history":[{"count":1,"href":"https:\/\/www.radiosanctispiritus.cu\/es\/wp-json\/wp\/v2\/posts\/79184\/revisions"}],"predecessor-version":[{"id":79186,"href":"https:\/\/www.radiosanctispiritus.cu\/es\/wp-json\/wp\/v2\/posts\/79184\/revisions\/79186"}],"wp:featuredmedia":[{"embeddable":true,"href":"https:\/\/www.radiosanctispiritus.cu\/es\/wp-json\/wp\/v2\/media\/79185"}],"wp:attachment":[{"href":"https:\/\/www.radiosanctispiritus.cu\/es\/wp-json\/wp\/v2\/media?parent=79184"}],"wp:term":[{"taxonomy":"category","embeddable":true,"href":"https:\/\/www.radiosanctispiritus.cu\/es\/wp-json\/wp\/v2\/categories?post=79184"},{"taxonomy":"post_tag","embeddable":true,"href":"https:\/\/www.radiosanctispiritus.cu\/es\/wp-json\/wp\/v2\/tags?post=79184"},{"taxonomy":"author","embeddable":true,"href":"https:\/\/www.radiosanctispiritus.cu\/es\/wp-json\/wp\/v2\/coauthors?post=79184"}],"curies":[{"name":"wp","href":"https:\/\/api.w.org\/{rel}","templated":true}]}}