{"id":79181,"date":"2026-09-02T15:35:17","date_gmt":"2026-09-02T19:35:17","guid":{"rendered":"https:\/\/www.radiosanctispiritus.cu\/es\/?p=79181"},"modified":"2026-09-02T15:35:17","modified_gmt":"2026-09-02T19:35:17","slug":"en-medio-de-complejo-escenario-universidad-medica-espirituana-enfrenta-el-nuevo-curso","status":"publish","type":"post","link":"https:\/\/www.radiosanctispiritus.cu\/es\/en-medio-de-complejo-escenario-universidad-medica-espirituana-enfrenta-el-nuevo-curso\/","title":{"rendered":"En medio de complejo escenario, Universidad M\u00e9dica espirituana enfrenta el nuevo curso"},"content":{"rendered":"<div class=\"ds-message _63c77b1\">\n<div class=\"ds-markdown ds-assistant-message-main-content\">\n<p class=\"ds-markdown-paragraph\"><span class=\"\">En medio de las dif\u00edciles condiciones que vive el pa\u00eds y en cumplimiento de las indicaciones del Ministerio de Educaci\u00f3n Superior, la Universidad M\u00e9dica espirituana comienza un nuevo curso escolar con un calendario de actividades docentes ajustado a la modalidad semipresencial, pero que tambi\u00e9n contempla etapas presenciales.<\/span><\/p>\n<p class=\"ds-markdown-paragraph\"><span class=\"\">Estuvieron presentes en el acto de inicio el Dr. Francisco Fern\u00e1ndez Quintero, Director General de Salud en la provincia, y el Doctor en Ciencias Juan Luis Marcelo Pent\u00f3n, rector de la instituci\u00f3n.<\/span><\/p>\n<p><iframe src=\"https:\/\/www.ivoox.com\/player_ej_179859830_6_1.html?c1=84140c\" width=\"100%\" height=\"200\" frameborder=\"0\" scrolling=\"no\" allowfullscreen=\"allowfullscreen\"><\/iframe><\/p>\n<\/div>\n<\/div>\n","protected":false},"excerpt":{"rendered":"<p>En medio de las dif\u00edciles condiciones que vive el pa\u00eds y en cumplimiento de las indicaciones del Ministerio de Educaci\u00f3n Superior, la Universidad M\u00e9dica espirituana comienza un nuevo curso escolar con un calendario de actividades docentes ajustado a la modalidad semipresencial, pero que tambi\u00e9n contempla etapas presenciales.<\/p>\n","protected":false},"author":194,"featured_media":79182,"comment_status":"open","ping_status":"open","sticky":false,"template":"","format":"standard","meta":{"_acf_changed":false,"footnotes":""},"categories":[8,14,9,1],"tags":[],"coauthors":[2035],"class_list":["post-79181","post","type-post","status-publish","format-standard","has-post-thumbnail","hentry","category-noticia","category-educacion","category-en-audio","category-sancti-spiritus"],"acf":[],"_links":{"self":[{"href":"https:\/\/www.radiosanctispiritus.cu\/es\/wp-json\/wp\/v2\/posts\/79181","targetHints":{"allow":["GET"]}}],"collection":[{"href":"https:\/\/www.radiosanctispiritus.cu\/es\/wp-json\/wp\/v2\/posts"}],"about":[{"href":"https:\/\/www.radiosanctispiritus.cu\/es\/wp-json\/wp\/v2\/types\/post"}],"author":[{"embeddable":true,"href":"https:\/\/www.radiosanctispiritus.cu\/es\/wp-json\/wp\/v2\/users\/194"}],"replies":[{"embeddable":true,"href":"https:\/\/www.radiosanctispiritus.cu\/es\/wp-json\/wp\/v2\/comments?post=79181"}],"version-history":[{"count":1,"href":"https:\/\/www.radiosanctispiritus.cu\/es\/wp-json\/wp\/v2\/posts\/79181\/revisions"}],"predecessor-version":[{"id":79183,"href":"https:\/\/www.radiosanctispiritus.cu\/es\/wp-json\/wp\/v2\/posts\/79181\/revisions\/79183"}],"wp:featuredmedia":[{"embeddable":true,"href":"https:\/\/www.radiosanctispiritus.cu\/es\/wp-json\/wp\/v2\/media\/79182"}],"wp:attachment":[{"href":"https:\/\/www.radiosanctispiritus.cu\/es\/wp-json\/wp\/v2\/media?parent=79181"}],"wp:term":[{"taxonomy":"category","embeddable":true,"href":"https:\/\/www.radiosanctispiritus.cu\/es\/wp-json\/wp\/v2\/categories?post=79181"},{"taxonomy":"post_tag","embeddable":true,"href":"https:\/\/www.radiosanctispiritus.cu\/es\/wp-json\/wp\/v2\/tags?post=79181"},{"taxonomy":"author","embeddable":true,"href":"https:\/\/www.radiosanctispiritus.cu\/es\/wp-json\/wp\/v2\/coauthors?post=79181"}],"curies":[{"name":"wp","href":"https:\/\/api.w.org\/{rel}","templated":true}]}}