{"id":79178,"date":"2026-09-02T11:55:57","date_gmt":"2026-09-02T15:55:57","guid":{"rendered":"https:\/\/www.radiosanctispiritus.cu\/es\/?p=79178"},"modified":"2026-09-02T11:55:57","modified_gmt":"2026-09-02T15:55:57","slug":"boxeadores-espirituanos-a-base-de-preparacion-en-china","status":"publish","type":"post","link":"https:\/\/www.radiosanctispiritus.cu\/es\/boxeadores-espirituanos-a-base-de-preparacion-en-china\/","title":{"rendered":"Boxeadores espirituanos a base de preparaci\u00f3n en China"},"content":{"rendered":"<p>Los espirituanos Alejandro Claro y Jorge Cu\u00e9llar figuran entre los seis boxeadores cubanos que viajar\u00e1n este mi\u00e9rcoles a la regi\u00f3n china de Xinjiang para realizar una base de preparaci\u00f3n rumbo al torneo clasificatorio para los Juegos Panamericanos de Lima 2027.<\/p>\n<p>Seg\u00fan inform\u00f3 el medio digital Jit, el grupo estar\u00e1 dirigido por el entrenador jefe Eulises Pouyot y re\u00fane a tres medallistas de la reciente cita de Santo Domingo.<\/p>\n<p>Claro, subtitular de los Juegos Centroamericanos de Santo Domingo 2026, fue convocado en los 60 kilogramos, mientras Cu\u00e9llar lo har\u00e1 en lo 80, cambios que responden al inter\u00e9s por evaluar distintas variantes dentro del colectivo, aunque no son definitivas.<\/p>\n<p>La relaci\u00f3n incluye al tambi\u00e9n subcampe\u00f3n centrocaribe\u00f1o Yunier Sorsano (70), adem\u00e1s del subtitular mundial de Taskent 2023, Saidel Horta (65), tambi\u00e9n en una divisi\u00f3n superior a la suya en los \u00faltimos tiempos.<\/p>\n<p>Completan la n\u00f3mina Nelson Williams (90) y Erick Daniel Castillo (+90), mientras los restantes integrantes del concentrado \u00e9lite continuar\u00e1n su preparaci\u00f3n en la escuela nacional.<\/p>\n<p>El comisionado de este deporte, Robinson Poll, explic\u00f3 a Jit que tanto los cambios de categor\u00eda como las inserciones de Cu\u00e9llar, Williams y Castillo, constituyen opciones que se manejan sin que resulten definitivas y adelant\u00f3 que la federaci\u00f3n trabaja en la concreci\u00f3n de otras oportunidades de fogueo para la escuadra.<\/p>\n<p>La carrera por los boletos panamericanos tendr\u00e1 su primera estaci\u00f3n en el campeonato continental previsto del 17 al 25 de octubre en Puebla, M\u00e9xico, donde se repartir\u00e1n cuatro plazas por divisi\u00f3n entre hombres y mujeres.<\/p>\n<p>El segundo camino hacia Lima contempla tres cupos por categor\u00eda mediante otro certamen que deber\u00e1 celebrarse durante el primer trimestre de 2027, aunque todav\u00eda no cuenta con fecha ni sede oficial.<\/p>\n","protected":false},"excerpt":{"rendered":"<p>Los espirituanos Alejandro Claro y Jorge Cu\u00e9llar figuran entre los seis boxeadores cubanos que viajar\u00e1n este mi\u00e9rcoles a la regi\u00f3n china de Xinjiang para realizar una base de preparaci\u00f3n rumbo al torneo clasificatorio para los Juegos Panamericanos de Lima 2027.<\/p>\n","protected":false},"author":4,"featured_media":79179,"comment_status":"open","ping_status":"open","sticky":false,"template":"","format":"standard","meta":{"_acf_changed":false,"footnotes":""},"categories":[8,7,1],"tags":[1127,798,1190],"coauthors":[1883],"class_list":["post-79178","post","type-post","status-publish","format-standard","has-post-thumbnail","hentry","category-noticia","category-deporte","category-sancti-spiritus","tag-alejandro-claro","tag-boxeo","tag-jorge-cuellar"],"acf":[],"_links":{"self":[{"href":"https:\/\/www.radiosanctispiritus.cu\/es\/wp-json\/wp\/v2\/posts\/79178","targetHints":{"allow":["GET"]}}],"collection":[{"href":"https:\/\/www.radiosanctispiritus.cu\/es\/wp-json\/wp\/v2\/posts"}],"about":[{"href":"https:\/\/www.radiosanctispiritus.cu\/es\/wp-json\/wp\/v2\/types\/post"}],"author":[{"embeddable":true,"href":"https:\/\/www.radiosanctispiritus.cu\/es\/wp-json\/wp\/v2\/users\/4"}],"replies":[{"embeddable":true,"href":"https:\/\/www.radiosanctispiritus.cu\/es\/wp-json\/wp\/v2\/comments?post=79178"}],"version-history":[{"count":1,"href":"https:\/\/www.radiosanctispiritus.cu\/es\/wp-json\/wp\/v2\/posts\/79178\/revisions"}],"predecessor-version":[{"id":79180,"href":"https:\/\/www.radiosanctispiritus.cu\/es\/wp-json\/wp\/v2\/posts\/79178\/revisions\/79180"}],"wp:featuredmedia":[{"embeddable":true,"href":"https:\/\/www.radiosanctispiritus.cu\/es\/wp-json\/wp\/v2\/media\/79179"}],"wp:attachment":[{"href":"https:\/\/www.radiosanctispiritus.cu\/es\/wp-json\/wp\/v2\/media?parent=79178"}],"wp:term":[{"taxonomy":"category","embeddable":true,"href":"https:\/\/www.radiosanctispiritus.cu\/es\/wp-json\/wp\/v2\/categories?post=79178"},{"taxonomy":"post_tag","embeddable":true,"href":"https:\/\/www.radiosanctispiritus.cu\/es\/wp-json\/wp\/v2\/tags?post=79178"},{"taxonomy":"author","embeddable":true,"href":"https:\/\/www.radiosanctispiritus.cu\/es\/wp-json\/wp\/v2\/coauthors?post=79178"}],"curies":[{"name":"wp","href":"https:\/\/api.w.org\/{rel}","templated":true}]}}