{"id":79158,"date":"2026-09-02T18:11:05","date_gmt":"2026-09-02T22:11:05","guid":{"rendered":"https:\/\/www.radiosanctispiritus.cu\/es\/?p=79158"},"modified":"2026-09-02T11:11:56","modified_gmt":"2026-09-02T15:11:56","slug":"centro-psicopedagogico-espirituano-se-abre-a-nuevos-suenos","status":"publish","type":"post","link":"https:\/\/www.radiosanctispiritus.cu\/es\/centro-psicopedagogico-espirituano-se-abre-a-nuevos-suenos\/","title":{"rendered":"Centro Psicopedag\u00f3gico espirituano se abre a nuevos sue\u00f1os"},"content":{"rendered":"<p>Con una matr\u00edcula actual de 104 residentes, el Centro Psicopedag\u00f3gico El Reparador de Sue\u00f1os en la capital espirituana se encuentra listo para abrir sus puertas al nuevo curso escolar.<br \/>\n\u201cHay que decir que nuestro centro cuenta con 77 pacientes internos y 27 semi-internos. Nos encontramos tambi\u00e9n en la etapa organizacional. y que para ello damos inicio a la entrada de los pacientes que vienen de otros municipios, que para ello se garantiz\u00f3 el transporte a trav\u00e9s de los Ecom\u00f3viles. Tenemos el claustro de maestros garantizados, contamos con los rehabilitadores, con la fisiatra, con pod\u00f3logos y otras personas que apoyan toda la actividad de nuestro centro.<\/p>\n<p>En la parte de asistencial, contamos con dos m\u00e9dicos que tenemos en plantilla y ya los tenemos presencial los dos.<br \/>\nEstas fueron las precisiones del subdirector de la instituci\u00f3n, Gustavo Carbonell Rodr\u00edguez.<br \/>\nLos locales est\u00e1n habilitados ya. Desde d\u00edas anteriores venimos realizando ya una serie de actividades respecto a lo que es limpieza, la ubicaci\u00f3n por salas.<\/p>\n<p>La actividad de inicio de curso vamos a proyectar en unos d\u00edas. porque todav\u00eda quedan pacientes que no han podido llegar, que son de otro municipio, cuando ya est\u00e9n todos aqu\u00ed, nosotros sabremos que d\u00eda vamos a hacer el acto de inicio.<\/p>\n<p><iframe src=\"https:\/\/www.ivoox.com\/player_ej_179927597_6_1.html?c1=84140c\" width=\"100%\" height=\"200\" frameborder=\"0\" scrolling=\"no\" allowfullscreen=\"allowfullscreen\"><\/iframe><\/p>\n","protected":false},"excerpt":{"rendered":"<p>Con una matr\u00edcula actual de 104 residentes, el Centro Psicopedag\u00f3gico El Reparador de Sue\u00f1os en la capital espirituana se encuentra listo para abrir sus puertas al nuevo curso escolar. \u201cHay que decir que nuestro centro cuenta con 77 pacientes internos y 27 semi-internos. Nos encontramos tambi\u00e9n en la etapa organizacional. y que para ello damos [&hellip;]<\/p>\n","protected":false},"author":173,"featured_media":79166,"comment_status":"open","ping_status":"open","sticky":false,"template":"","format":"standard","meta":{"_acf_changed":false,"footnotes":""},"categories":[9,1],"tags":[],"coauthors":[1865],"class_list":["post-79158","post","type-post","status-publish","format-standard","has-post-thumbnail","hentry","category-en-audio","category-sancti-spiritus"],"acf":[],"_links":{"self":[{"href":"https:\/\/www.radiosanctispiritus.cu\/es\/wp-json\/wp\/v2\/posts\/79158","targetHints":{"allow":["GET"]}}],"collection":[{"href":"https:\/\/www.radiosanctispiritus.cu\/es\/wp-json\/wp\/v2\/posts"}],"about":[{"href":"https:\/\/www.radiosanctispiritus.cu\/es\/wp-json\/wp\/v2\/types\/post"}],"author":[{"embeddable":true,"href":"https:\/\/www.radiosanctispiritus.cu\/es\/wp-json\/wp\/v2\/users\/173"}],"replies":[{"embeddable":true,"href":"https:\/\/www.radiosanctispiritus.cu\/es\/wp-json\/wp\/v2\/comments?post=79158"}],"version-history":[{"count":4,"href":"https:\/\/www.radiosanctispiritus.cu\/es\/wp-json\/wp\/v2\/posts\/79158\/revisions"}],"predecessor-version":[{"id":79167,"href":"https:\/\/www.radiosanctispiritus.cu\/es\/wp-json\/wp\/v2\/posts\/79158\/revisions\/79167"}],"wp:featuredmedia":[{"embeddable":true,"href":"https:\/\/www.radiosanctispiritus.cu\/es\/wp-json\/wp\/v2\/media\/79166"}],"wp:attachment":[{"href":"https:\/\/www.radiosanctispiritus.cu\/es\/wp-json\/wp\/v2\/media?parent=79158"}],"wp:term":[{"taxonomy":"category","embeddable":true,"href":"https:\/\/www.radiosanctispiritus.cu\/es\/wp-json\/wp\/v2\/categories?post=79158"},{"taxonomy":"post_tag","embeddable":true,"href":"https:\/\/www.radiosanctispiritus.cu\/es\/wp-json\/wp\/v2\/tags?post=79158"},{"taxonomy":"author","embeddable":true,"href":"https:\/\/www.radiosanctispiritus.cu\/es\/wp-json\/wp\/v2\/coauthors?post=79158"}],"curies":[{"name":"wp","href":"https:\/\/api.w.org\/{rel}","templated":true}]}}