{"id":79147,"date":"2026-09-02T08:55:57","date_gmt":"2026-09-02T12:55:57","guid":{"rendered":"https:\/\/www.radiosanctispiritus.cu\/es\/?p=79147"},"modified":"2026-09-02T08:55:57","modified_gmt":"2026-09-02T12:55:57","slug":"cuba-reafirma-vigencia-de-principios-del-movimiento-de-los-no-alineados","status":"publish","type":"post","link":"https:\/\/www.radiosanctispiritus.cu\/es\/cuba-reafirma-vigencia-de-principios-del-movimiento-de-los-no-alineados\/","title":{"rendered":"Cuba reafirma vigencia de principios del Movimiento de los No Alineados"},"content":{"rendered":"<p>El viceministro primero de Relaciones Exteriores de Cuba, Gerardo Pe\u00f1alver, reafirm\u00f3 la vigencia de los principios del Movimiento de Pa\u00edses No Alineados (Mnoal), durante la Reuni\u00f3n Conmemorativa del 65 aniversario de la organizaci\u00f3n.<\/p>\n<p>El diplom\u00e1tico cubano, que asiste como enviado especial del presidente Miguel D\u00edaz-Canel, traslad\u00f3 el agradecimiento de su pa\u00eds a la presidencia ugandesa del Movimiento y a las autoridades de Serbia por la organizaci\u00f3n del encuentro, al tiempo que expres\u00f3 el \u00abgenuino orgullo\u00bb de Cuba por ser pa\u00eds fundador del Mnoal.<\/p>\n<p>De acuerdo con el texto difundido por el Ministerio de Relaciones Exteriores, Pe\u00f1alver subray\u00f3 que los principios fundacionales del Movimiento mantienen plena vigencia en el actual contexto internacional y que su activismo como voz de los pa\u00edses del Sur \u00abes m\u00e1s necesario que nunca frente a los colosales desaf\u00edos de la actualidad\u00bb.<\/p>\n<p>El viceministro primero denunci\u00f3 que la administraci\u00f3n estadounidense ha intensificado el bloqueo contra Cuba mediante un \u00abcerco energ\u00e9tico que equivale a un bloqueo naval\u00bb, sanciones secundarias contra terceros pa\u00edses y una persistente amenaza de agresi\u00f3n militar directa.<\/p>\n<p><img decoding=\"async\" class=\"size-medium wp-image-79149 aligncenter\" src=\"https:\/\/www.radiosanctispiritus.cu\/es\/wp-content\/uploads\/belgrado-gerardo-penalver-600x617.jpeg\" alt=\"\" width=\"600\" height=\"617\" srcset=\"https:\/\/www.radiosanctispiritus.cu\/es\/wp-content\/uploads\/belgrado-gerardo-penalver-600x617.jpeg 600w, https:\/\/www.radiosanctispiritus.cu\/es\/wp-content\/uploads\/belgrado-gerardo-penalver-996x1024.jpeg 996w, https:\/\/www.radiosanctispiritus.cu\/es\/wp-content\/uploads\/belgrado-gerardo-penalver-768x790.jpeg 768w, https:\/\/www.radiosanctispiritus.cu\/es\/wp-content\/uploads\/belgrado-gerardo-penalver.jpeg 1494w\" sizes=\"(max-width: 600px) 100vw, 600px\" \/><\/p>\n<p>Pe\u00f1alver explic\u00f3 que estas pol\u00edticas han generado consecuencias dolorosas para el pueblo cubano, entre ellas una lista de espera de m\u00e1s de 90 mil pacientes para intervenciones quir\u00fargicas, el agotamiento del cuadro b\u00e1sico de medicamentos y la imposibilidad de que lleguen a los puertos cubanos miles de contenedores con alimentos y dispositivos m\u00e9dicos.<\/p>\n<p>\u00abNo hay dudas de la dimensi\u00f3n genocida que ha adquirido la pol\u00edtica de asfixia econ\u00f3mica contra Cuba\u00bb, afirm\u00f3 el diplom\u00e1tico, al tiempo que reafirm\u00f3 la determinaci\u00f3n de la isla de resistir y buscar alternativas de desarrollo con sus propios esfuerzos en defensa de su soberan\u00eda.<\/p>\n<p>Pe\u00f1alver cit\u00f3 al l\u00edder de la Revoluci\u00f3n cubana Ra\u00fal Castro para subrayar que \u00abla seguridad y la paz de los ricos no son aquellas por las cuales luchamos los pa\u00edses pobres\u00bb, y record\u00f3 que Cuba aspira a una \u00abpaz con soberan\u00eda, con independencia, con dignidad, con justicia, con desarrollo\u00bb.<\/p>\n<p>El viceministro agradeci\u00f3 al Mnoal su hist\u00f3rica denuncia del bloqueo, del cerco energ\u00e9tico y de la inclusi\u00f3n de Cuba en la lista unilateral de pa\u00edses patrocinadores del terrorismo, as\u00ed como el reconocimiento a la cooperaci\u00f3n que la isla mantiene con numerosos Estados miembros del Movimiento.<\/p>\n<p>Mencion\u00f3 especialmente las intervenciones del presidente de Ghana y del ministro de la Presidencia de Namibia, quienes respaldaron a Cuba y rechazaron el bloqueo en la sesi\u00f3n plenaria.<\/p>\n<p>Pe\u00f1alver cerr\u00f3 su intervenci\u00f3n con palabras del l\u00edder hist\u00f3rico de la Revoluci\u00f3n, Fidel Castro, quien advirti\u00f3 que \u00abel \u00e9xito y el porvenir del Movimiento No Alineado estar\u00e1 en no dejarse penetrar, confundir ni enga\u00f1ar por la ideolog\u00eda imperialista\u00bb.<\/p>\n<p>\u00abEs momento de reafirmar nuestras ideas antiimperialistas, antineocolonialistas y antifascistas, que est\u00e1n en la esencia y la historia del Movimiento de los Pa\u00edses No Alineados\u00bb, concluy\u00f3 el diplom\u00e1tico cubano.<\/p>\n","protected":false},"excerpt":{"rendered":"<p>El viceministro primero de Relaciones Exteriores de Cuba, Gerardo Pe\u00f1alver, reafirm\u00f3 la vigencia de los principios del Movimiento de Pa\u00edses No Alineados, durante la Reuni\u00f3n Conmemorativa del 65 aniversario de la organizaci\u00f3n.<\/p>\n","protected":false},"author":22,"featured_media":79148,"comment_status":"open","ping_status":"open","sticky":false,"template":"","format":"standard","meta":{"_acf_changed":false,"footnotes":""},"categories":[8,3,4],"tags":[575,1073,1074,371],"coauthors":[1882],"class_list":["post-79147","post","type-post","status-publish","format-standard","has-post-thumbnail","hentry","category-noticia","category-cuba","category-internacionales","tag-cuba-minrex","tag-cuba-no-alineados","tag-mnoal","tag-no-alineados"],"acf":[],"_links":{"self":[{"href":"https:\/\/www.radiosanctispiritus.cu\/es\/wp-json\/wp\/v2\/posts\/79147","targetHints":{"allow":["GET"]}}],"collection":[{"href":"https:\/\/www.radiosanctispiritus.cu\/es\/wp-json\/wp\/v2\/posts"}],"about":[{"href":"https:\/\/www.radiosanctispiritus.cu\/es\/wp-json\/wp\/v2\/types\/post"}],"author":[{"embeddable":true,"href":"https:\/\/www.radiosanctispiritus.cu\/es\/wp-json\/wp\/v2\/users\/22"}],"replies":[{"embeddable":true,"href":"https:\/\/www.radiosanctispiritus.cu\/es\/wp-json\/wp\/v2\/comments?post=79147"}],"version-history":[{"count":2,"href":"https:\/\/www.radiosanctispiritus.cu\/es\/wp-json\/wp\/v2\/posts\/79147\/revisions"}],"predecessor-version":[{"id":79151,"href":"https:\/\/www.radiosanctispiritus.cu\/es\/wp-json\/wp\/v2\/posts\/79147\/revisions\/79151"}],"wp:featuredmedia":[{"embeddable":true,"href":"https:\/\/www.radiosanctispiritus.cu\/es\/wp-json\/wp\/v2\/media\/79148"}],"wp:attachment":[{"href":"https:\/\/www.radiosanctispiritus.cu\/es\/wp-json\/wp\/v2\/media?parent=79147"}],"wp:term":[{"taxonomy":"category","embeddable":true,"href":"https:\/\/www.radiosanctispiritus.cu\/es\/wp-json\/wp\/v2\/categories?post=79147"},{"taxonomy":"post_tag","embeddable":true,"href":"https:\/\/www.radiosanctispiritus.cu\/es\/wp-json\/wp\/v2\/tags?post=79147"},{"taxonomy":"author","embeddable":true,"href":"https:\/\/www.radiosanctispiritus.cu\/es\/wp-json\/wp\/v2\/coauthors?post=79147"}],"curies":[{"name":"wp","href":"https:\/\/api.w.org\/{rel}","templated":true}]}}