{"id":79090,"date":"2026-09-01T15:24:54","date_gmt":"2026-09-01T19:24:54","guid":{"rendered":"https:\/\/www.radiosanctispiritus.cu\/es\/?p=79090"},"modified":"2026-09-01T15:26:59","modified_gmt":"2026-09-01T19:26:59","slug":"sancti-spiritus-vivio-la-apertura-de-un-nuevo-escolar","status":"publish","type":"post","link":"https:\/\/www.radiosanctispiritus.cu\/es\/sancti-spiritus-vivio-la-apertura-de-un-nuevo-escolar\/","title":{"rendered":"Sancti Sp\u00edritus vivi\u00f3 la apertura de un nuevo escolar"},"content":{"rendered":"<p>Como en toda Cuba, Sancti Sp\u00edritus vivi\u00f3 este primero de septiembre una jornada diferente, cargada de emociones, con el inicio del nuevo curso escolar.<\/p>\n<p>M\u00e1s de \u00a060 mil educandos de los diferentes niveles educativos\u00a0 se incorporaron a las\u00a0 aulas, para junto a sus maestros y profesores emprender el periodo acad\u00e9mico, compartiendo saberes.<\/p>\n<p>La Escuela primaria Julio Antonio Mella, del municipio cabecera, fue la sede del acto provincial, un espacio que cont\u00f3 con la presencia de la miembro del Comit\u00e9 Central del Partido y Primera Secretaria en Sancti Sp\u00edritus, Deivy P\u00e9rez Mart\u00edn,\u00a0 y el Gobernador\u00a0 Alexis Lorente Jim\u00e9nez, junto a otras autoridades del municipio y de la Direcci\u00f3n General de Educaci\u00f3n.<\/p>\n<p><img decoding=\"async\" class=\"size-medium wp-image-79061 aligncenter\" src=\"https:\/\/www.radiosanctispiritus.cu\/es\/wp-content\/uploads\/1788273491247-600x450.jpg\" alt=\"\" width=\"600\" height=\"450\" srcset=\"https:\/\/www.radiosanctispiritus.cu\/es\/wp-content\/uploads\/1788273491247-600x450.jpg 600w, https:\/\/www.radiosanctispiritus.cu\/es\/wp-content\/uploads\/1788273491247-1024x768.jpg 1024w, https:\/\/www.radiosanctispiritus.cu\/es\/wp-content\/uploads\/1788273491247-768x576.jpg 768w, https:\/\/www.radiosanctispiritus.cu\/es\/wp-content\/uploads\/1788273491247.jpg 1040w\" sizes=\"(max-width: 600px) 100vw, 600px\" \/><\/p>\n<p>Especialmente invitados en este acto de apertura del curso 2026 2027, colaboradores espirituanos que cumplen Misi\u00f3n Internacionalistas en la Hermana Rep\u00fablica de Guinea Ecuatorial y Colombia<\/p>\n<p>Momento Especial durante la actividad fue, la entrega de reconocimientos al grupo de estudiantes brillantes del Instituto Preuniversitario Vocacional de Ciencias Exactas Eusebio Olivera Rodr\u00edguez de Sancti Sp\u00edritus, que tuvieron el honor de representar a Cuba en las Olimpiadas Internacionales celebradas en Rusia, China y Uzbekist\u00e1n.<\/p>\n<p>En su intervenci\u00f3n, el Director General de Educaci\u00f3n en Sancti Sp\u00edritus, Andrei Armas Bravo, dijo que en medio del contexto actual nos enfrentamos a un curso complejo, al tiempo que reconoci\u00f3\u00a0 el esfuerzo de los m\u00e1s de 15 mil trabajadores del sector educacional en estos predios, quienes con su empuje permitir\u00e1n la marcha de este calendario acad\u00e9mico.<\/p>\n<p><img decoding=\"async\" class=\"size-medium wp-image-79099 aligncenter\" src=\"https:\/\/www.radiosanctispiritus.cu\/es\/wp-content\/uploads\/Curso-escolar-3-600x450.jpg\" alt=\"\" width=\"600\" height=\"450\" srcset=\"https:\/\/www.radiosanctispiritus.cu\/es\/wp-content\/uploads\/Curso-escolar-3-600x450.jpg 600w, https:\/\/www.radiosanctispiritus.cu\/es\/wp-content\/uploads\/Curso-escolar-3-1024x768.jpg 1024w, https:\/\/www.radiosanctispiritus.cu\/es\/wp-content\/uploads\/Curso-escolar-3-768x576.jpg 768w, https:\/\/www.radiosanctispiritus.cu\/es\/wp-content\/uploads\/Curso-escolar-3.jpg 1040w\" sizes=\"(max-width: 600px) 100vw, 600px\" \/><\/p>\n<p>De igual forma, el dirigente educacional llamo a agotar todas las alternativas para mantener la presencialidad durante\u00a0 el periodo docente, para garantizar que los estudiantes reciban la atenci\u00f3n directa de sus docentes.<\/p>\n<p>Sancti Sp\u00edritus tiene entre sus mayores desaf\u00edos la necesidad de completar su cobertura docente, que en estos momentos esta a un 65,62 por ciento, lo que presume un total de m\u00e1s 2 270 necesidades de fuerza docente, de las cuales 150 no se han podido cubrir con alternativas.<\/p>\n<p>En las 444 instituciones educativas que abrieron sus puertas este 1 de septiembre en Sancti Sp\u00edritus se realizaron actos de bienvenidas, un inicio que devino una jornada donde primaron los colores, la alegr\u00eda y el deseo de volver a las aulas.<\/p>\n<p><img decoding=\"async\" class=\"size-medium wp-image-79031 aligncenter\" src=\"https:\/\/www.radiosanctispiritus.cu\/es\/wp-content\/uploads\/IMG_20260901_082309-600x600.jpg\" alt=\"\" width=\"600\" height=\"600\" srcset=\"https:\/\/www.radiosanctispiritus.cu\/es\/wp-content\/uploads\/IMG_20260901_082309-600x600.jpg 600w, https:\/\/www.radiosanctispiritus.cu\/es\/wp-content\/uploads\/IMG_20260901_082309-1024x1024.jpg 1024w, https:\/\/www.radiosanctispiritus.cu\/es\/wp-content\/uploads\/IMG_20260901_082309-80x80.jpg 80w, https:\/\/www.radiosanctispiritus.cu\/es\/wp-content\/uploads\/IMG_20260901_082309-768x768.jpg 768w, https:\/\/www.radiosanctispiritus.cu\/es\/wp-content\/uploads\/IMG_20260901_082309-1536x1536.jpg 1536w, https:\/\/www.radiosanctispiritus.cu\/es\/wp-content\/uploads\/IMG_20260901_082309-2048x2048.jpg 2048w, https:\/\/www.radiosanctispiritus.cu\/es\/wp-content\/uploads\/IMG_20260901_082309-150x150.jpg 150w\" sizes=\"(max-width: 600px) 100vw, 600px\" \/><\/p>\n","protected":false},"excerpt":{"rendered":"<p>Como en toda Cuba, Sancti Sp\u00edritus vivi\u00f3 este primero de septiembre una jornada diferente, cargada de emociones, con el inicio del nuevo curso escolar.<\/p>\n","protected":false},"author":8,"featured_media":79097,"comment_status":"open","ping_status":"open","sticky":false,"template":"","format":"standard","meta":{"_acf_changed":false,"footnotes":""},"categories":[8,14,9,1],"tags":[122,3355,29],"coauthors":[1917],"class_list":["post-79090","post","type-post","status-publish","format-standard","has-post-thumbnail","hentry","category-noticia","category-educacion","category-en-audio","category-sancti-spiritus","tag-curso-escolar","tag-curso-escolar-2026-2027","tag-educacion"],"acf":[],"_links":{"self":[{"href":"https:\/\/www.radiosanctispiritus.cu\/es\/wp-json\/wp\/v2\/posts\/79090","targetHints":{"allow":["GET"]}}],"collection":[{"href":"https:\/\/www.radiosanctispiritus.cu\/es\/wp-json\/wp\/v2\/posts"}],"about":[{"href":"https:\/\/www.radiosanctispiritus.cu\/es\/wp-json\/wp\/v2\/types\/post"}],"author":[{"embeddable":true,"href":"https:\/\/www.radiosanctispiritus.cu\/es\/wp-json\/wp\/v2\/users\/8"}],"replies":[{"embeddable":true,"href":"https:\/\/www.radiosanctispiritus.cu\/es\/wp-json\/wp\/v2\/comments?post=79090"}],"version-history":[{"count":4,"href":"https:\/\/www.radiosanctispiritus.cu\/es\/wp-json\/wp\/v2\/posts\/79090\/revisions"}],"predecessor-version":[{"id":79103,"href":"https:\/\/www.radiosanctispiritus.cu\/es\/wp-json\/wp\/v2\/posts\/79090\/revisions\/79103"}],"wp:featuredmedia":[{"embeddable":true,"href":"https:\/\/www.radiosanctispiritus.cu\/es\/wp-json\/wp\/v2\/media\/79097"}],"wp:attachment":[{"href":"https:\/\/www.radiosanctispiritus.cu\/es\/wp-json\/wp\/v2\/media?parent=79090"}],"wp:term":[{"taxonomy":"category","embeddable":true,"href":"https:\/\/www.radiosanctispiritus.cu\/es\/wp-json\/wp\/v2\/categories?post=79090"},{"taxonomy":"post_tag","embeddable":true,"href":"https:\/\/www.radiosanctispiritus.cu\/es\/wp-json\/wp\/v2\/tags?post=79090"},{"taxonomy":"author","embeddable":true,"href":"https:\/\/www.radiosanctispiritus.cu\/es\/wp-json\/wp\/v2\/coauthors?post=79090"}],"curies":[{"name":"wp","href":"https:\/\/api.w.org\/{rel}","templated":true}]}}