{"id":79084,"date":"2026-09-01T05:14:44","date_gmt":"2026-09-01T09:14:44","guid":{"rendered":"https:\/\/www.radiosanctispiritus.cu\/es\/?p=79084"},"modified":"2026-09-01T15:32:02","modified_gmt":"2026-09-01T19:32:02","slug":"septiembre-amanece-entre-aulas-libros-y-colores","status":"publish","type":"post","link":"https:\/\/www.radiosanctispiritus.cu\/es\/septiembre-amanece-entre-aulas-libros-y-colores\/","title":{"rendered":"Septiembre amanece entre aulas, libros y colores"},"content":{"rendered":"<p>Septiembre despert\u00f3 temprano, dispuso de la brisa matutina y abri\u00f3 las puertas de escuelas, aulas y colores.<\/p>\n<p>De sonrisas amplias, de peque\u00f1ines juguetones, de adolescentes inquietos, de j\u00f3venes serenos.<\/p>\n<p>No pod\u00eda ser de otra manera, pues as\u00ed lo mostr\u00f3 la cotidianidad con el inicio del curso escolar.<\/p>\n<p>Y desde ahora, la cotidianidad es otra, es distinta, din\u00e1mica, atractiva y sugerente, en cada rinc\u00f3n de la isla.<\/p>\n<p>Lleg\u00f3 entonces el momento de aprender y de ense\u00f1ar.<\/p>\n<p>&nbsp;<\/p>\n<div id=\"attachment_79087\" style=\"width: 610px\" class=\"wp-caption aligncenter\"><img decoding=\"async\" aria-describedby=\"caption-attachment-79087\" class=\"size-medium wp-image-79087\" src=\"https:\/\/www.radiosanctispiritus.cu\/es\/wp-content\/uploads\/a2-11-600x445.jpg\" alt=\"\" width=\"600\" height=\"445\" srcset=\"https:\/\/www.radiosanctispiritus.cu\/es\/wp-content\/uploads\/a2-11-600x445.jpg 600w, https:\/\/www.radiosanctispiritus.cu\/es\/wp-content\/uploads\/a2-11-1024x760.jpg 1024w, https:\/\/www.radiosanctispiritus.cu\/es\/wp-content\/uploads\/a2-11-768x570.jpg 768w, https:\/\/www.radiosanctispiritus.cu\/es\/wp-content\/uploads\/a2-11-1536x1140.jpg 1536w, https:\/\/www.radiosanctispiritus.cu\/es\/wp-content\/uploads\/a2-11-2048x1520.jpg 2048w\" sizes=\"(max-width: 600px) 100vw, 600px\" \/><p id=\"caption-attachment-79087\" class=\"wp-caption-text\">La cotidianidad se visti\u00f3 de postales distintas.<\/p><\/div>\n<p>&nbsp;<\/p>\n<div id=\"attachment_79089\" style=\"width: 610px\" class=\"wp-caption aligncenter\"><img decoding=\"async\" aria-describedby=\"caption-attachment-79089\" class=\"size-medium wp-image-79089\" src=\"https:\/\/www.radiosanctispiritus.cu\/es\/wp-content\/uploads\/a3-11-600x517.jpg\" alt=\"\" width=\"600\" height=\"517\" srcset=\"https:\/\/www.radiosanctispiritus.cu\/es\/wp-content\/uploads\/a3-11-600x517.jpg 600w, https:\/\/www.radiosanctispiritus.cu\/es\/wp-content\/uploads\/a3-11-1024x883.jpg 1024w, https:\/\/www.radiosanctispiritus.cu\/es\/wp-content\/uploads\/a3-11-768x662.jpg 768w, https:\/\/www.radiosanctispiritus.cu\/es\/wp-content\/uploads\/a3-11-1536x1324.jpg 1536w, https:\/\/www.radiosanctispiritus.cu\/es\/wp-content\/uploads\/a3-11-2048x1765.jpg 2048w\" sizes=\"(max-width: 600px) 100vw, 600px\" \/><p id=\"caption-attachment-79089\" class=\"wp-caption-text\">Hay quienes se apuraron para entrar por vez primera en la escuela.<\/p><\/div>\n<p>&nbsp;<\/p>\n<div id=\"attachment_79091\" style=\"width: 610px\" class=\"wp-caption aligncenter\"><img decoding=\"async\" aria-describedby=\"caption-attachment-79091\" class=\"size-medium wp-image-79091\" src=\"https:\/\/www.radiosanctispiritus.cu\/es\/wp-content\/uploads\/a4-11-600x422.jpg\" alt=\"\" width=\"600\" height=\"422\" srcset=\"https:\/\/www.radiosanctispiritus.cu\/es\/wp-content\/uploads\/a4-11-600x422.jpg 600w, https:\/\/www.radiosanctispiritus.cu\/es\/wp-content\/uploads\/a4-11-1024x720.jpg 1024w, https:\/\/www.radiosanctispiritus.cu\/es\/wp-content\/uploads\/a4-11-768x540.jpg 768w, https:\/\/www.radiosanctispiritus.cu\/es\/wp-content\/uploads\/a4-11-1536x1080.jpg 1536w, https:\/\/www.radiosanctispiritus.cu\/es\/wp-content\/uploads\/a4-11-2048x1440.jpg 2048w\" sizes=\"(max-width: 600px) 100vw, 600px\" \/><p id=\"caption-attachment-79091\" class=\"wp-caption-text\">En las escuelas, estudiantes y familia disfrutan el inicio del curso.<\/p><\/div>\n<p>&nbsp;<\/p>\n<div id=\"attachment_79092\" style=\"width: 610px\" class=\"wp-caption aligncenter\"><img decoding=\"async\" aria-describedby=\"caption-attachment-79092\" class=\"size-medium wp-image-79092\" src=\"https:\/\/www.radiosanctispiritus.cu\/es\/wp-content\/uploads\/a5-12-600x400.jpg\" alt=\"\" width=\"600\" height=\"400\" srcset=\"https:\/\/www.radiosanctispiritus.cu\/es\/wp-content\/uploads\/a5-12-600x400.jpg 600w, https:\/\/www.radiosanctispiritus.cu\/es\/wp-content\/uploads\/a5-12-1024x683.jpg 1024w, https:\/\/www.radiosanctispiritus.cu\/es\/wp-content\/uploads\/a5-12-768x512.jpg 768w, https:\/\/www.radiosanctispiritus.cu\/es\/wp-content\/uploads\/a5-12-1536x1024.jpg 1536w, https:\/\/www.radiosanctispiritus.cu\/es\/wp-content\/uploads\/a5-12-2048x1365.jpg 2048w\" sizes=\"(max-width: 600px) 100vw, 600px\" \/><p id=\"caption-attachment-79092\" class=\"wp-caption-text\">Con estas galas se visti\u00f3 el inicio del curso.<\/p><\/div>\n<p>&nbsp;<\/p>\n<div id=\"attachment_79093\" style=\"width: 610px\" class=\"wp-caption aligncenter\"><img decoding=\"async\" aria-describedby=\"caption-attachment-79093\" class=\"size-medium wp-image-79093\" src=\"https:\/\/www.radiosanctispiritus.cu\/es\/wp-content\/uploads\/a6-7-600x400.jpg\" alt=\"\" width=\"600\" height=\"400\" srcset=\"https:\/\/www.radiosanctispiritus.cu\/es\/wp-content\/uploads\/a6-7-600x400.jpg 600w, https:\/\/www.radiosanctispiritus.cu\/es\/wp-content\/uploads\/a6-7-1024x683.jpg 1024w, https:\/\/www.radiosanctispiritus.cu\/es\/wp-content\/uploads\/a6-7-768x512.jpg 768w, https:\/\/www.radiosanctispiritus.cu\/es\/wp-content\/uploads\/a6-7-1536x1024.jpg 1536w, https:\/\/www.radiosanctispiritus.cu\/es\/wp-content\/uploads\/a6-7-2048x1365.jpg 2048w\" sizes=\"(max-width: 600px) 100vw, 600px\" \/><p id=\"caption-attachment-79093\" class=\"wp-caption-text\">Rostros y colores, matices reiterados en las escuelas.<\/p><\/div>\n<p>&nbsp;<\/p>\n<div id=\"attachment_79094\" style=\"width: 610px\" class=\"wp-caption aligncenter\"><img decoding=\"async\" aria-describedby=\"caption-attachment-79094\" class=\"size-medium wp-image-79094\" src=\"https:\/\/www.radiosanctispiritus.cu\/es\/wp-content\/uploads\/a7-5-600x400.jpg\" alt=\"\" width=\"600\" height=\"400\" srcset=\"https:\/\/www.radiosanctispiritus.cu\/es\/wp-content\/uploads\/a7-5-600x400.jpg 600w, https:\/\/www.radiosanctispiritus.cu\/es\/wp-content\/uploads\/a7-5-1024x683.jpg 1024w, https:\/\/www.radiosanctispiritus.cu\/es\/wp-content\/uploads\/a7-5-768x512.jpg 768w, https:\/\/www.radiosanctispiritus.cu\/es\/wp-content\/uploads\/a7-5-1536x1024.jpg 1536w, https:\/\/www.radiosanctispiritus.cu\/es\/wp-content\/uploads\/a7-5-2048x1365.jpg 2048w\" sizes=\"(max-width: 600px) 100vw, 600px\" \/><p id=\"caption-attachment-79094\" class=\"wp-caption-text\">Cantos y alegr\u00edas se juntaron desde el primer d\u00eda del curso.<\/p><\/div>\n<p>&nbsp;<\/p>\n<div id=\"attachment_79095\" style=\"width: 610px\" class=\"wp-caption aligncenter\"><img decoding=\"async\" aria-describedby=\"caption-attachment-79095\" class=\"size-medium wp-image-79095\" src=\"https:\/\/www.radiosanctispiritus.cu\/es\/wp-content\/uploads\/a8-5-600x421.jpg\" alt=\"\" width=\"600\" height=\"421\" srcset=\"https:\/\/www.radiosanctispiritus.cu\/es\/wp-content\/uploads\/a8-5-600x421.jpg 600w, https:\/\/www.radiosanctispiritus.cu\/es\/wp-content\/uploads\/a8-5-1024x719.jpg 1024w, https:\/\/www.radiosanctispiritus.cu\/es\/wp-content\/uploads\/a8-5-768x539.jpg 768w, https:\/\/www.radiosanctispiritus.cu\/es\/wp-content\/uploads\/a8-5-1536x1078.jpg 1536w, https:\/\/www.radiosanctispiritus.cu\/es\/wp-content\/uploads\/a8-5-2048x1437.jpg 2048w\" sizes=\"(max-width: 600px) 100vw, 600px\" \/><p id=\"caption-attachment-79095\" class=\"wp-caption-text\">En las aulas comenz\u00f3 el hacer para ense\u00f1ar y aprender.<\/p><\/div>\n","protected":false},"excerpt":{"rendered":"<p>Septiembre despert\u00f3 temprano, dispuso de la brisa matutina y abri\u00f3 las puertas de escuelas, aulas y colores.<\/p>\n","protected":false},"author":15,"featured_media":79096,"comment_status":"open","ping_status":"open","sticky":false,"template":"","format":"standard","meta":{"_acf_changed":false,"footnotes":""},"categories":[11,14,8],"tags":[122,3355,29],"coauthors":[1884],"class_list":["post-79084","post","type-post","status-publish","format-standard","has-post-thumbnail","hentry","category-fotorreportaje","category-educacion","category-noticia","tag-curso-escolar","tag-curso-escolar-2026-2027","tag-educacion"],"acf":[],"_links":{"self":[{"href":"https:\/\/www.radiosanctispiritus.cu\/es\/wp-json\/wp\/v2\/posts\/79084","targetHints":{"allow":["GET"]}}],"collection":[{"href":"https:\/\/www.radiosanctispiritus.cu\/es\/wp-json\/wp\/v2\/posts"}],"about":[{"href":"https:\/\/www.radiosanctispiritus.cu\/es\/wp-json\/wp\/v2\/types\/post"}],"author":[{"embeddable":true,"href":"https:\/\/www.radiosanctispiritus.cu\/es\/wp-json\/wp\/v2\/users\/15"}],"replies":[{"embeddable":true,"href":"https:\/\/www.radiosanctispiritus.cu\/es\/wp-json\/wp\/v2\/comments?post=79084"}],"version-history":[{"count":5,"href":"https:\/\/www.radiosanctispiritus.cu\/es\/wp-json\/wp\/v2\/posts\/79084\/revisions"}],"predecessor-version":[{"id":79110,"href":"https:\/\/www.radiosanctispiritus.cu\/es\/wp-json\/wp\/v2\/posts\/79084\/revisions\/79110"}],"wp:featuredmedia":[{"embeddable":true,"href":"https:\/\/www.radiosanctispiritus.cu\/es\/wp-json\/wp\/v2\/media\/79096"}],"wp:attachment":[{"href":"https:\/\/www.radiosanctispiritus.cu\/es\/wp-json\/wp\/v2\/media?parent=79084"}],"wp:term":[{"taxonomy":"category","embeddable":true,"href":"https:\/\/www.radiosanctispiritus.cu\/es\/wp-json\/wp\/v2\/categories?post=79084"},{"taxonomy":"post_tag","embeddable":true,"href":"https:\/\/www.radiosanctispiritus.cu\/es\/wp-json\/wp\/v2\/tags?post=79084"},{"taxonomy":"author","embeddable":true,"href":"https:\/\/www.radiosanctispiritus.cu\/es\/wp-json\/wp\/v2\/coauthors?post=79084"}],"curies":[{"name":"wp","href":"https:\/\/api.w.org\/{rel}","templated":true}]}}