{"id":79082,"date":"2026-09-01T15:13:09","date_gmt":"2026-09-01T19:13:09","guid":{"rendered":"https:\/\/www.radiosanctispiritus.cu\/es\/?p=79082"},"modified":"2026-09-01T15:13:09","modified_gmt":"2026-09-01T19:13:09","slug":"otorgan-a-taller-especial-de-sancti-spiritus-reconocimiento-centenario-de-fidel","status":"publish","type":"post","link":"https:\/\/www.radiosanctispiritus.cu\/es\/otorgan-a-taller-especial-de-sancti-spiritus-reconocimiento-centenario-de-fidel\/","title":{"rendered":"Otorgan a Taller Especial de Sancti Sp\u00edritus reconocimiento Centenario de Fidel"},"content":{"rendered":"<div class=\"ds-message _63c77b1\">\n<div class=\"ds-markdown ds-assistant-message-main-content\">\n<p class=\"ds-markdown-paragraph\"><span class=\"\">El taller especial para personas en situaci\u00f3n de discapacidad perteneciente a la Empresa de Producciones Varias de Sancti Sp\u00edritus recibi\u00f3 el reconocimiento Centenario del Comandante en Jefe Fidel Castro Ruz, que hace entrega el Sindicato Nacional de los Trabajadores de Industrias con motivo de la jornada homenaje al L\u00edder Hist\u00f3rico de la Revoluci\u00f3n.<\/span><\/p>\n<p class=\"ds-markdown-paragraph\"><span class=\"\">El evento cont\u00f3 con la presencia de los 36 trabajadores del taller y estuvo presidido por Ismaray Machandi Gonz\u00e1lez, secretaria general del Bur\u00f3 Provincial del Sindicato Industrias, y el jefe de los talleres en la provincia, Yuniel Quesada Cartaya.<\/span><\/p>\n<p><iframe src=\"https:\/\/www.ivoox.com\/player_ej_179773614_6_1.html?c1=84140c\" width=\"100%\" height=\"200\" frameborder=\"0\" scrolling=\"no\" allowfullscreen=\"allowfullscreen\"><\/iframe><\/p>\n<\/div>\n<\/div>\n","protected":false},"excerpt":{"rendered":"<p>El taller especial para personas en situaci\u00f3n de discapacidad perteneciente a la Empresa de Producciones Varias de Sancti Sp\u00edritus recibi\u00f3 el reconocimiento Centenario del Comandante en Jefe Fidel Castro Ruz, que hace entrega el Sindicato Nacional de los Trabajadores de Industrias con motivo de la jornada homenaje al L\u00edder Hist\u00f3rico de la Revoluci\u00f3n.<\/p>\n","protected":false},"author":173,"featured_media":35831,"comment_status":"open","ping_status":"open","sticky":false,"template":"","format":"standard","meta":{"_acf_changed":false,"footnotes":""},"categories":[8,9,1],"tags":[],"coauthors":[1865],"class_list":["post-79082","post","type-post","status-publish","format-standard","has-post-thumbnail","hentry","category-noticia","category-en-audio","category-sancti-spiritus"],"acf":[],"_links":{"self":[{"href":"https:\/\/www.radiosanctispiritus.cu\/es\/wp-json\/wp\/v2\/posts\/79082","targetHints":{"allow":["GET"]}}],"collection":[{"href":"https:\/\/www.radiosanctispiritus.cu\/es\/wp-json\/wp\/v2\/posts"}],"about":[{"href":"https:\/\/www.radiosanctispiritus.cu\/es\/wp-json\/wp\/v2\/types\/post"}],"author":[{"embeddable":true,"href":"https:\/\/www.radiosanctispiritus.cu\/es\/wp-json\/wp\/v2\/users\/173"}],"replies":[{"embeddable":true,"href":"https:\/\/www.radiosanctispiritus.cu\/es\/wp-json\/wp\/v2\/comments?post=79082"}],"version-history":[{"count":1,"href":"https:\/\/www.radiosanctispiritus.cu\/es\/wp-json\/wp\/v2\/posts\/79082\/revisions"}],"predecessor-version":[{"id":79083,"href":"https:\/\/www.radiosanctispiritus.cu\/es\/wp-json\/wp\/v2\/posts\/79082\/revisions\/79083"}],"wp:featuredmedia":[{"embeddable":true,"href":"https:\/\/www.radiosanctispiritus.cu\/es\/wp-json\/wp\/v2\/media\/35831"}],"wp:attachment":[{"href":"https:\/\/www.radiosanctispiritus.cu\/es\/wp-json\/wp\/v2\/media?parent=79082"}],"wp:term":[{"taxonomy":"category","embeddable":true,"href":"https:\/\/www.radiosanctispiritus.cu\/es\/wp-json\/wp\/v2\/categories?post=79082"},{"taxonomy":"post_tag","embeddable":true,"href":"https:\/\/www.radiosanctispiritus.cu\/es\/wp-json\/wp\/v2\/tags?post=79082"},{"taxonomy":"author","embeddable":true,"href":"https:\/\/www.radiosanctispiritus.cu\/es\/wp-json\/wp\/v2\/coauthors?post=79082"}],"curies":[{"name":"wp","href":"https:\/\/api.w.org\/{rel}","templated":true}]}}