{"id":79080,"date":"2026-09-01T15:07:53","date_gmt":"2026-09-01T19:07:53","guid":{"rendered":"https:\/\/www.radiosanctispiritus.cu\/es\/?p=79080"},"modified":"2026-09-01T15:07:53","modified_gmt":"2026-09-01T19:07:53","slug":"pensamiento-patriotico-de-fidel-acompana-quehacer-de-combatientes-trinitarios","status":"publish","type":"post","link":"https:\/\/www.radiosanctispiritus.cu\/es\/pensamiento-patriotico-de-fidel-acompana-quehacer-de-combatientes-trinitarios\/","title":{"rendered":"Pensamiento patri\u00f3tico de Fidel acompa\u00f1a quehacer de combatientes trinitarios"},"content":{"rendered":"<p class=\"ds-markdown-paragraph\"><span class=\"\">Por la salvaguarda del proceso del Ej\u00e9rcito Rebelde con el esp\u00edritu del Juramento de Baragu\u00e1 para defender la soberan\u00eda nacional y los principios de independencia, como reafirmaron las tropas mambisas, se pronunci\u00f3 la asamblea de balance semestral de la Asociaci\u00f3n de Combatientes de la Revoluci\u00f3n Cubana en Trinidad.<\/span><\/p>\n<p class=\"ds-markdown-paragraph\"><span class=\"\">Los luchadores de las diversas gestas libertarias, incluidos los internacionalistas que en otras tierras del mundo saldaron la deuda de Cuba con la humanidad, pasaron revista al funcionamiento, la vida interna, las labores comunitarias basadas en los convenios de trabajo, el crecimiento con los j\u00f3venes para garantizar la continuidad de la atenci\u00f3n al hombre, as\u00ed como el protagonismo social de manera general, entre otros acuciantes temas.<\/span><\/p>\n<p><iframe src=\"https:\/\/www.ivoox.com\/player_ej_179773859_6_1.html?c1=84140c\" width=\"100%\" height=\"200\" frameborder=\"0\" scrolling=\"no\" allowfullscreen=\"allowfullscreen\"><\/iframe><\/p>\n","protected":false},"excerpt":{"rendered":"<p>Por la salvaguarda del proceso del Ej\u00e9rcito Rebelde con el esp\u00edritu del Juramento de Baragu\u00e1 para defender la soberan\u00eda nacional y los principios de independencia, como reafirmaron las tropas mambisas, se pronunci\u00f3 la asamblea de balance semestral de la Asociaci\u00f3n de Combatientes de la Revoluci\u00f3n Cubana en Trinidad.<\/p>\n","protected":false},"author":149,"featured_media":46043,"comment_status":"open","ping_status":"open","sticky":false,"template":"","format":"standard","meta":{"_acf_changed":false,"footnotes":""},"categories":[8,9],"tags":[],"coauthors":[1857],"class_list":["post-79080","post","type-post","status-publish","format-standard","has-post-thumbnail","hentry","category-noticia","category-en-audio"],"acf":[],"_links":{"self":[{"href":"https:\/\/www.radiosanctispiritus.cu\/es\/wp-json\/wp\/v2\/posts\/79080","targetHints":{"allow":["GET"]}}],"collection":[{"href":"https:\/\/www.radiosanctispiritus.cu\/es\/wp-json\/wp\/v2\/posts"}],"about":[{"href":"https:\/\/www.radiosanctispiritus.cu\/es\/wp-json\/wp\/v2\/types\/post"}],"author":[{"embeddable":true,"href":"https:\/\/www.radiosanctispiritus.cu\/es\/wp-json\/wp\/v2\/users\/149"}],"replies":[{"embeddable":true,"href":"https:\/\/www.radiosanctispiritus.cu\/es\/wp-json\/wp\/v2\/comments?post=79080"}],"version-history":[{"count":1,"href":"https:\/\/www.radiosanctispiritus.cu\/es\/wp-json\/wp\/v2\/posts\/79080\/revisions"}],"predecessor-version":[{"id":79081,"href":"https:\/\/www.radiosanctispiritus.cu\/es\/wp-json\/wp\/v2\/posts\/79080\/revisions\/79081"}],"wp:featuredmedia":[{"embeddable":true,"href":"https:\/\/www.radiosanctispiritus.cu\/es\/wp-json\/wp\/v2\/media\/46043"}],"wp:attachment":[{"href":"https:\/\/www.radiosanctispiritus.cu\/es\/wp-json\/wp\/v2\/media?parent=79080"}],"wp:term":[{"taxonomy":"category","embeddable":true,"href":"https:\/\/www.radiosanctispiritus.cu\/es\/wp-json\/wp\/v2\/categories?post=79080"},{"taxonomy":"post_tag","embeddable":true,"href":"https:\/\/www.radiosanctispiritus.cu\/es\/wp-json\/wp\/v2\/tags?post=79080"},{"taxonomy":"author","embeddable":true,"href":"https:\/\/www.radiosanctispiritus.cu\/es\/wp-json\/wp\/v2\/coauthors?post=79080"}],"curies":[{"name":"wp","href":"https:\/\/api.w.org\/{rel}","templated":true}]}}