{"id":79072,"date":"2026-09-01T18:18:38","date_gmt":"2026-09-01T22:18:38","guid":{"rendered":"https:\/\/www.radiosanctispiritus.cu\/es\/?p=79072"},"modified":"2026-09-01T17:16:48","modified_gmt":"2026-09-01T21:16:48","slug":"coordinan-en-sancti-spiritus-nueva-feria-nacional-de-empleo","status":"publish","type":"post","link":"https:\/\/www.radiosanctispiritus.cu\/es\/coordinan-en-sancti-spiritus-nueva-feria-nacional-de-empleo\/","title":{"rendered":"Coordinan en Sancti Sp\u00edritus nueva Feria Nacional de Empleo"},"content":{"rendered":"<p>Con el prop\u00f3sito de promover la inserci\u00f3n laboral en la provincia, la Direcci\u00f3n de Trabajo y Seguridad Social de Sancti Ssp\u00edritus coordina la tercera Feria Nacional de Empleo que tendr\u00e1 lugar este mes de septiembre. El jefe del Departamento de Empleo en la entidad se\u00f1alada, Orelvis Chaviano Candelario, ofrece la informaci\u00f3n.<\/p>\n<p>\u201cEstamos convocando a todas las entidades que preparen sus logotipos, que preparen las plazas que necesitan cubrir, que todo el mundo participe y lleve las ofertas que necesiten para cubrir su fuerza de trabajo cualificada. Este servicio p\u00fablico es de mucho inter\u00e9s, no solo para la poblaci\u00f3n, sino para las propias entidades territoriales\u201d.<\/p>\n<p>Desde la Direcci\u00f3n Provincial de Trabajo se anuncia tercera Feria Nacional de Empleo.<br \/>\n<iframe src=\"https:\/\/www.ivoox.com\/player_ej_179853051_6_1.html?c1=84140c\" width=\"100%\" height=\"200\" frameborder=\"0\" scrolling=\"no\" allowfullscreen=\"allowfullscreen\"><\/iframe><\/p>\n","protected":false},"excerpt":{"rendered":"<p>Con el prop\u00f3sito de promover la inserci\u00f3n laboral en la provincia, la Direcci\u00f3n de Trabajo y Seguridad Social de Sancti Ssp\u00edritus coordina la tercera Feria Nacional de Empleo que tendr\u00e1 lugar este mes de septiembre. El jefe del Departamento de Empleo en la entidad se\u00f1alada, Orelvis Chaviano Candelario, ofrece la informaci\u00f3n. \u201cEstamos convocando a todas [&hellip;]<\/p>\n","protected":false},"author":173,"featured_media":79114,"comment_status":"open","ping_status":"open","sticky":false,"template":"","format":"standard","meta":{"_acf_changed":false,"footnotes":""},"categories":[9,1],"tags":[],"coauthors":[1865],"class_list":["post-79072","post","type-post","status-publish","format-standard","has-post-thumbnail","hentry","category-en-audio","category-sancti-spiritus"],"acf":[],"_links":{"self":[{"href":"https:\/\/www.radiosanctispiritus.cu\/es\/wp-json\/wp\/v2\/posts\/79072","targetHints":{"allow":["GET"]}}],"collection":[{"href":"https:\/\/www.radiosanctispiritus.cu\/es\/wp-json\/wp\/v2\/posts"}],"about":[{"href":"https:\/\/www.radiosanctispiritus.cu\/es\/wp-json\/wp\/v2\/types\/post"}],"author":[{"embeddable":true,"href":"https:\/\/www.radiosanctispiritus.cu\/es\/wp-json\/wp\/v2\/users\/173"}],"replies":[{"embeddable":true,"href":"https:\/\/www.radiosanctispiritus.cu\/es\/wp-json\/wp\/v2\/comments?post=79072"}],"version-history":[{"count":3,"href":"https:\/\/www.radiosanctispiritus.cu\/es\/wp-json\/wp\/v2\/posts\/79072\/revisions"}],"predecessor-version":[{"id":79115,"href":"https:\/\/www.radiosanctispiritus.cu\/es\/wp-json\/wp\/v2\/posts\/79072\/revisions\/79115"}],"wp:featuredmedia":[{"embeddable":true,"href":"https:\/\/www.radiosanctispiritus.cu\/es\/wp-json\/wp\/v2\/media\/79114"}],"wp:attachment":[{"href":"https:\/\/www.radiosanctispiritus.cu\/es\/wp-json\/wp\/v2\/media?parent=79072"}],"wp:term":[{"taxonomy":"category","embeddable":true,"href":"https:\/\/www.radiosanctispiritus.cu\/es\/wp-json\/wp\/v2\/categories?post=79072"},{"taxonomy":"post_tag","embeddable":true,"href":"https:\/\/www.radiosanctispiritus.cu\/es\/wp-json\/wp\/v2\/tags?post=79072"},{"taxonomy":"author","embeddable":true,"href":"https:\/\/www.radiosanctispiritus.cu\/es\/wp-json\/wp\/v2\/coauthors?post=79072"}],"curies":[{"name":"wp","href":"https:\/\/api.w.org\/{rel}","templated":true}]}}