{"id":79071,"date":"2026-09-01T18:12:28","date_gmt":"2026-09-01T22:12:28","guid":{"rendered":"https:\/\/www.radiosanctispiritus.cu\/es\/?p=79071"},"modified":"2026-09-01T15:41:44","modified_gmt":"2026-09-01T19:41:44","slug":"la-sierpe-se-sumo-al-curso-escolar","status":"publish","type":"post","link":"https:\/\/www.radiosanctispiritus.cu\/es\/la-sierpe-se-sumo-al-curso-escolar\/","title":{"rendered":"La Sierpe se sum\u00f3 al curso escolar"},"content":{"rendered":"<p>De fiesta comenzaron la jornada de este primero de septiembre las instituciones educativas sierpenses de las distintas ense\u00f1anzas con el inicio del curso escolar 2026-2027.<\/p>\n<p>El acto municipal, por tan importante acontecimiento, tuvo por sede al semi-internado primario Antonio Maceo, instituci\u00f3n educativa que coincidentemente celebra el 50 aniversario de su inauguraci\u00f3n para formar generaciones que sirven a la patria inspirados en el tit\u00e1n de bronce.<\/p>\n<p>En el acto municipal por el inicio del curso escolar 2026-2027 en la Sierpe, que presidieron entre otros Dermis Ram\u00edrez Torres, miembro del Bur\u00f3 Provincial del Partido, Carlos Guti\u00e9rrez Rodr\u00edguez I, secretario en el municipio, y Gilian D\u00edaz Meneses, presidenta de la Asamblea Municipal del Poder Popular, se le entregaron reconocimientos a los educadores jubilados reincorporados Tania Camber Fonseca, Isabel Castillo Medinilla y Maritza Hern\u00e1ndez.<\/p>\n<p>En tanto, profesionales que se inician y formar\u00e1n parte del claustro docente como Alexandra Rom\u00e1n, Jessica Alvelo y Liana Gonz\u00e1lez tambi\u00e9n recibieron los aplausos.<\/p>\n<p>La alegr\u00eda multiplicada entre alumnos, docentes, dem\u00e1s trabajadores, padres y visitantes result\u00f3 un elemento distintivo de la cita de este primero de septiembre de vuelta a las aulas. para juntos protagonizar otro periodo lectivo de retos, compromisos y lealtad a la patria, destacaba en su intervenci\u00f3n en la cita Jessica Albelo G\u00f3mez en representaci\u00f3n de los maestros.<\/p>\n<p>El tesoro que significan los ni\u00f1os uniformados, sus aulas, libros y libretas, es la m\u00e1s clara demostraci\u00f3n de que las ideas de Mart\u00ed y de Fidel siguen vivas y presentes.<\/p>\n<p>Con actos en todas las instituciones educativas inici\u00f3 en La Sierpe el curso escolar 2026-2027.<br \/>\n<iframe src=\"https:\/\/www.ivoox.com\/player_ej_179853570_6_1.html?c1=84140c\" width=\"100%\" height=\"200\" frameborder=\"0\" scrolling=\"no\" allowfullscreen=\"allowfullscreen\"><\/iframe><\/p>\n","protected":false},"excerpt":{"rendered":"<p>De fiesta comenzaron la jornada de este primero de septiembre las instituciones educativas sierpenses de las distintas ense\u00f1anzas con el inicio del curso escolar 2026-2027. El acto municipal, por tan importante acontecimiento, tuvo por sede al semi-internado primario Antonio Maceo, instituci\u00f3n educativa que coincidentemente celebra el 50 aniversario de su inauguraci\u00f3n para formar generaciones que [&hellip;]<\/p>\n","protected":false},"author":136,"featured_media":79117,"comment_status":"open","ping_status":"open","sticky":false,"template":"","format":"standard","meta":{"_acf_changed":false,"footnotes":""},"categories":[14,9,1],"tags":[],"coauthors":[1875],"class_list":["post-79071","post","type-post","status-publish","format-standard","has-post-thumbnail","hentry","category-educacion","category-en-audio","category-sancti-spiritus"],"acf":[],"_links":{"self":[{"href":"https:\/\/www.radiosanctispiritus.cu\/es\/wp-json\/wp\/v2\/posts\/79071","targetHints":{"allow":["GET"]}}],"collection":[{"href":"https:\/\/www.radiosanctispiritus.cu\/es\/wp-json\/wp\/v2\/posts"}],"about":[{"href":"https:\/\/www.radiosanctispiritus.cu\/es\/wp-json\/wp\/v2\/types\/post"}],"author":[{"embeddable":true,"href":"https:\/\/www.radiosanctispiritus.cu\/es\/wp-json\/wp\/v2\/users\/136"}],"replies":[{"embeddable":true,"href":"https:\/\/www.radiosanctispiritus.cu\/es\/wp-json\/wp\/v2\/comments?post=79071"}],"version-history":[{"count":3,"href":"https:\/\/www.radiosanctispiritus.cu\/es\/wp-json\/wp\/v2\/posts\/79071\/revisions"}],"predecessor-version":[{"id":79118,"href":"https:\/\/www.radiosanctispiritus.cu\/es\/wp-json\/wp\/v2\/posts\/79071\/revisions\/79118"}],"wp:featuredmedia":[{"embeddable":true,"href":"https:\/\/www.radiosanctispiritus.cu\/es\/wp-json\/wp\/v2\/media\/79117"}],"wp:attachment":[{"href":"https:\/\/www.radiosanctispiritus.cu\/es\/wp-json\/wp\/v2\/media?parent=79071"}],"wp:term":[{"taxonomy":"category","embeddable":true,"href":"https:\/\/www.radiosanctispiritus.cu\/es\/wp-json\/wp\/v2\/categories?post=79071"},{"taxonomy":"post_tag","embeddable":true,"href":"https:\/\/www.radiosanctispiritus.cu\/es\/wp-json\/wp\/v2\/tags?post=79071"},{"taxonomy":"author","embeddable":true,"href":"https:\/\/www.radiosanctispiritus.cu\/es\/wp-json\/wp\/v2\/coauthors?post=79071"}],"curies":[{"name":"wp","href":"https:\/\/api.w.org\/{rel}","templated":true}]}}