{"id":79058,"date":"2026-09-01T09:35:40","date_gmt":"2026-09-01T13:35:40","guid":{"rendered":"https:\/\/www.radiosanctispiritus.cu\/es\/?p=79058"},"modified":"2026-09-01T10:12:24","modified_gmt":"2026-09-01T14:12:24","slug":"pronostica-centro-meteorologico-altas-temperaturas-y-tormentas-electricas-en-sancti-spiritus","status":"publish","type":"post","link":"https:\/\/www.radiosanctispiritus.cu\/es\/pronostica-centro-meteorologico-altas-temperaturas-y-tormentas-electricas-en-sancti-spiritus\/","title":{"rendered":"Pronostica centro meteorol\u00f3gico altas temperaturas y tormentas el\u00e9ctricas en Sancti Sp\u00edritus"},"content":{"rendered":"<p class=\"ds-markdown-paragraph\"><span class=\"\">La provincia de Sancti Sp\u00edritus vivir\u00e1 este mi\u00e9rcoles una jornada con muy poco cambio en las condiciones meteorol\u00f3gicas, seg\u00fan inform\u00f3 en el espacio <\/span><em><span class=\"\">Como lo Oyes<\/span><\/em><span class=\"\"> el especialista Antonio Ortega Obreg\u00f3n. Durante la ma\u00f1ana, el cielo se mantendr\u00e1 parcialmente nublado, pero se espera que en la tarde aumente la nubosidad con probables de chubascos y tormentas el\u00e9ctricas, asociados al fuerte calentamiento vespertino y a la influencia de una baja superior en el occidente del pa\u00eds.<br \/>\n<iframe src=\"https:\/\/www.ivoox.com\/player_ej_179832239_6_1.html?c1=9c1414\" width=\"100%\" height=\"200\" frameborder=\"0\" scrolling=\"no\" allowfullscreen=\"allowfullscreen\"><\/iframe><\/span><\/p>\n<p class=\"ds-markdown-paragraph\"><span class=\"\">El term\u00f3metro volver\u00e1 a superar los 35 grados Celsius en varias localidades, con m\u00e1ximas que oscilar\u00e1n entre 32 y 35 \u00b0C, mientras que las m\u00ednimas nocturnas rondar\u00e1n los 25 a 28 \u00b0C. En cuanto a los vientos, ser\u00e1n variables y d\u00e9biles en la ma\u00f1ana, y del este por la tarde, con brisas en zonas costeras de hasta 20 km\/h. El estado del mar se mantendr\u00e1 tranquilo en ambas costas espirituanas, excepto en \u00e1reas de lluvias donde podr\u00eda incrementarse la intensidad del viento y la altura de las olas.<\/span><\/p>\n<p class=\"ds-markdown-paragraph\"><span class=\"\">Ortega Obreg\u00f3n tambi\u00e9n adelant\u00f3 que en el plazo de 24 a 48 horas se prev\u00e9 un aumento de las precipitaciones debido a la influencia de una activa onda tropical, remanentes de la tormenta tropical Dolly. Durante la emisi\u00f3n, se report\u00f3 en Sancti Sp\u00edritus una temperatura de 28 \u00b0C, humedad relativa del 75 % y vientos del este-nordeste a 8 km\/h.<\/span><\/p>\n<p class=\"ds-markdown-paragraph\"><span class=\"\">El especialista reiter\u00f3 la recomendaci\u00f3n de mantenerse hidratados y tomar precauciones ante las altas temperaturas, as\u00ed como estar atentos a los avisos meteorol\u00f3gicos ante posibles cambios en el estado del tiempo.<\/span><\/p>\n","protected":false},"excerpt":{"rendered":"<p>La provincia de Sancti Sp\u00edritus vivir\u00e1 este mi\u00e9rcoles una jornada con muy poco cambio en las condiciones meteorol\u00f3gicas, seg\u00fan inform\u00f3 en el espacio Como lo Oyes el especialista Antonio Ortega Obreg\u00f3n. Durante la ma\u00f1ana, el cielo se mantendr\u00e1 parcialmente nublado, pero se espera que en la tarde aumente la nubosidad con probables de chubascos y [&hellip;]<\/p>\n","protected":false},"author":4,"featured_media":74086,"comment_status":"open","ping_status":"open","sticky":false,"template":"","format":"standard","meta":{"_acf_changed":false,"footnotes":""},"categories":[8,9,1],"tags":[3241,3174,3415,3414,3413],"coauthors":[1883],"class_list":["post-79058","post","type-post","status-publish","format-standard","has-post-thumbnail","hentry","category-noticia","category-en-audio","category-sancti-spiritus","tag-antonio-ortega-obregon","tag-calor-en-cuba","tag-lluvias-provincia-espirituana","tag-parte-meteorologico-radio-sancti-spiritus","tag-tiempo-en-sancti-spiritus"],"acf":[],"_links":{"self":[{"href":"https:\/\/www.radiosanctispiritus.cu\/es\/wp-json\/wp\/v2\/posts\/79058","targetHints":{"allow":["GET"]}}],"collection":[{"href":"https:\/\/www.radiosanctispiritus.cu\/es\/wp-json\/wp\/v2\/posts"}],"about":[{"href":"https:\/\/www.radiosanctispiritus.cu\/es\/wp-json\/wp\/v2\/types\/post"}],"author":[{"embeddable":true,"href":"https:\/\/www.radiosanctispiritus.cu\/es\/wp-json\/wp\/v2\/users\/4"}],"replies":[{"embeddable":true,"href":"https:\/\/www.radiosanctispiritus.cu\/es\/wp-json\/wp\/v2\/comments?post=79058"}],"version-history":[{"count":2,"href":"https:\/\/www.radiosanctispiritus.cu\/es\/wp-json\/wp\/v2\/posts\/79058\/revisions"}],"predecessor-version":[{"id":79060,"href":"https:\/\/www.radiosanctispiritus.cu\/es\/wp-json\/wp\/v2\/posts\/79058\/revisions\/79060"}],"wp:featuredmedia":[{"embeddable":true,"href":"https:\/\/www.radiosanctispiritus.cu\/es\/wp-json\/wp\/v2\/media\/74086"}],"wp:attachment":[{"href":"https:\/\/www.radiosanctispiritus.cu\/es\/wp-json\/wp\/v2\/media?parent=79058"}],"wp:term":[{"taxonomy":"category","embeddable":true,"href":"https:\/\/www.radiosanctispiritus.cu\/es\/wp-json\/wp\/v2\/categories?post=79058"},{"taxonomy":"post_tag","embeddable":true,"href":"https:\/\/www.radiosanctispiritus.cu\/es\/wp-json\/wp\/v2\/tags?post=79058"},{"taxonomy":"author","embeddable":true,"href":"https:\/\/www.radiosanctispiritus.cu\/es\/wp-json\/wp\/v2\/coauthors?post=79058"}],"curies":[{"name":"wp","href":"https:\/\/api.w.org\/{rel}","templated":true}]}}