{"id":79053,"date":"2026-09-01T03:43:33","date_gmt":"2026-09-01T07:43:33","guid":{"rendered":"https:\/\/www.radiosanctispiritus.cu\/es\/?p=79053"},"modified":"2026-09-01T09:48:33","modified_gmt":"2026-09-01T13:48:33","slug":"organizacion-de-cooperacion-de-shanghai-confirma-su-caracter-no-militar","status":"publish","type":"post","link":"https:\/\/www.radiosanctispiritus.cu\/es\/organizacion-de-cooperacion-de-shanghai-confirma-su-caracter-no-militar\/","title":{"rendered":"Organizaci\u00f3n de Cooperaci\u00f3n de Shangh\u00e1i confirma su car\u00e1cter no militar"},"content":{"rendered":"<p>Los Estados miembros de la Organizaci\u00f3n de Cooperaci\u00f3n de Shangh\u00e1i (OCS) destacaron en la Declaraci\u00f3n de Bishkek, adoptada este 1 de septiembre, que la organizaci\u00f3n no es un bloque pol\u00edtico-militar.<\/p>\n<p>\u00abLos estados miembros subrayan que la OCS no es un bloque pol\u00edtico-militar y no est\u00e1 dirigida contra otros pa\u00edses ni organizaciones internacionales. La OCS act\u00faa sobre la base de la apertura, la no injerencia, la igualdad y el respeto mutuo\u00bb, se\u00f1ala el documento adoptado este martes al t\u00e9rmino de la reuni\u00f3n del Consejo de Jefes de Estado, con motivo del 25 aniversario de la organizaci\u00f3n.<\/p>\n<p>Las naciones miembros mantienen una l\u00ednea que excluye enfoques de bloque y confrontaci\u00f3n para resolver cuestiones de desarrollo internacional y regional, y abogan por la soluci\u00f3n pac\u00edfica de las diferencias y disputas entre pa\u00edses, por la garant\u00eda de una paz internacional sostenible y por la lucha conjunta contra las amenazas a la seguridad, precisa el texto.<\/p>\n<p>Asimismo, el comunicado subraya que la interacci\u00f3n en el formato OCS plus contribuye a la formaci\u00f3n de una amplia alianza global inclusiva.<\/p>\n<p>Al mismo tiempo, siguen siendo relevantes las iniciativas para promover la cooperaci\u00f3n en la construcci\u00f3n de \u00abrelaciones internacionales de nuevo tipo, basadas en el respeto mutuo, la justicia, la igualdad y la cooperaci\u00f3n beneficiosa para todos\u00bb, as\u00ed como para desarrollar el di\u00e1logo en torno a la idea de \u201cUna Tierra. Una Familia. Un Futuro\u201d.<\/p>\n","protected":false},"excerpt":{"rendered":"<p>Los Estados miembros de la Organizaci\u00f3n de Cooperaci\u00f3n de Shangh\u00e1i destacaron en la Declaraci\u00f3n de Bishkek, adoptada este 1 de septiembre, que la organizaci\u00f3n no es un bloque pol\u00edtico-militar.<\/p>\n","protected":false},"author":22,"featured_media":79054,"comment_status":"open","ping_status":"open","sticky":false,"template":"","format":"standard","meta":{"_acf_changed":false,"footnotes":""},"categories":[8,4],"tags":[1829,2439,1616,2149],"coauthors":[1882],"class_list":["post-79053","post","type-post","status-publish","format-standard","has-post-thumbnail","hentry","category-noticia","category-internacionales","tag-china","tag-india","tag-paz","tag-rusia"],"acf":[],"_links":{"self":[{"href":"https:\/\/www.radiosanctispiritus.cu\/es\/wp-json\/wp\/v2\/posts\/79053","targetHints":{"allow":["GET"]}}],"collection":[{"href":"https:\/\/www.radiosanctispiritus.cu\/es\/wp-json\/wp\/v2\/posts"}],"about":[{"href":"https:\/\/www.radiosanctispiritus.cu\/es\/wp-json\/wp\/v2\/types\/post"}],"author":[{"embeddable":true,"href":"https:\/\/www.radiosanctispiritus.cu\/es\/wp-json\/wp\/v2\/users\/22"}],"replies":[{"embeddable":true,"href":"https:\/\/www.radiosanctispiritus.cu\/es\/wp-json\/wp\/v2\/comments?post=79053"}],"version-history":[{"count":1,"href":"https:\/\/www.radiosanctispiritus.cu\/es\/wp-json\/wp\/v2\/posts\/79053\/revisions"}],"predecessor-version":[{"id":79055,"href":"https:\/\/www.radiosanctispiritus.cu\/es\/wp-json\/wp\/v2\/posts\/79053\/revisions\/79055"}],"wp:featuredmedia":[{"embeddable":true,"href":"https:\/\/www.radiosanctispiritus.cu\/es\/wp-json\/wp\/v2\/media\/79054"}],"wp:attachment":[{"href":"https:\/\/www.radiosanctispiritus.cu\/es\/wp-json\/wp\/v2\/media?parent=79053"}],"wp:term":[{"taxonomy":"category","embeddable":true,"href":"https:\/\/www.radiosanctispiritus.cu\/es\/wp-json\/wp\/v2\/categories?post=79053"},{"taxonomy":"post_tag","embeddable":true,"href":"https:\/\/www.radiosanctispiritus.cu\/es\/wp-json\/wp\/v2\/tags?post=79053"},{"taxonomy":"author","embeddable":true,"href":"https:\/\/www.radiosanctispiritus.cu\/es\/wp-json\/wp\/v2\/coauthors?post=79053"}],"curies":[{"name":"wp","href":"https:\/\/api.w.org\/{rel}","templated":true}]}}