{"id":79045,"date":"2026-09-01T09:20:15","date_gmt":"2026-09-01T13:20:15","guid":{"rendered":"https:\/\/www.radiosanctispiritus.cu\/es\/?p=79045"},"modified":"2026-09-01T09:30:01","modified_gmt":"2026-09-01T13:30:01","slug":"asiste-diaz-canel-a-acto-nacional-de-inicio-del-curso-escolar","status":"publish","type":"post","link":"https:\/\/www.radiosanctispiritus.cu\/es\/asiste-diaz-canel-a-acto-nacional-de-inicio-del-curso-escolar\/","title":{"rendered":"Asiste D\u00edaz-Canel a Acto Nacional de inicio del curso escolar"},"content":{"rendered":"<p>Miguel D\u00edaz-Canel Berm\u00fadez, Primer Secretario del Comit\u00e9 Central del Partido Comunista de Cuba y Presidente de la Rep\u00fablica, acudi\u00f3 este martes al Acto Nacional que da inicio al Curso Escolar 2026-2027 en el municipio de La Habana Vieja.<\/p>\n<p>El mandatario estuvo acompa\u00f1ado por Manuel Marrero Cruz, miembro del Bur\u00f3 Pol\u00edtico del Partido y primer ministro, Meyvis Est\u00e9ves Echeverr\u00eda, primera secretaria del Comit\u00e9 Nacional de la Uni\u00f3n de J\u00f3venes Comunistas, y Naima Ariatne Trujillo Barreto, ministra de Educaci\u00f3n, entre otros invitados.<\/p>\n<p>A la actividad asistieron ni\u00f1os y adolescentes del C\u00edrculo Infantil Fe del Valle, la Escuela Primaria Rafael Mar\u00eda de Mendive, la Secundaria B\u00e1sica Rub\u00e9n Bravo y el Instituto Preuniversitario Jos\u00e9 Mart\u00ed.<\/p>\n<p>El encuentro, que tuvo lugar en el Paseo del Prado, cerca del otrora colegio donde recibi\u00f3 instrucci\u00f3n el H\u00e9roe Nacional Jos\u00e9 Mart\u00ed, cont\u00f3 con presentaciones art\u00edsticas de las compa\u00f1\u00edas infantiles La Colmenita y Habana Sue\u00f1os, adem\u00e1s de grupos escolares.<\/p>\n<p><strong>Inform\u00f3 ministra de Educaci\u00f3n sobre particularidades del curso 2026-2027<\/strong><\/p>\n<p>Naima Ariatne Trujillo Barreto, ministra de Educaci\u00f3n de Cuba (Mined), inform\u00f3 en la Revista Buenos D\u00edas, de la televisi\u00f3n cubana, las particularidades del curso escolar 2026\u20112027, que inicia este martes en todo el pa\u00eds en un contexto marcado por el recrudecimiento del bloqueo econ\u00f3mico, comercial y financiero, la crisis energ\u00e9tica y las limitaciones econ\u00f3micas.<\/p>\n<p>La titular explic\u00f3 que el Mined defini\u00f3 directrices para la contextualizaci\u00f3n territorial del calendario acad\u00e9mico, con el principio de mantener la mayor presencialidad posible de los 1.7 millones de estudiantes en todo el pa\u00eds y atender contenidos pendientes del curso anterior.<\/p>\n<p>Se\u00f1al\u00f3 que, aunque la cobertura docente es compleja, se trabajar\u00e1 con alternativas ya aplicadas en etapas previas.<\/p>\n<p>Trujillo Barreto indic\u00f3 que no todas las familias recibieron el uniforme escolar, pero ello no impedir\u00e1 la asistencia, pues se aplicar\u00e1 flexibilidad y los ni\u00f1os podr\u00e1n portar sus pa\u00f1oletas.<\/p>\n<p>Confirm\u00f3 que los libros del tercer perfeccionamiento ya est\u00e1n en las escuelas, con novedades en los grados tercero, sexto, noveno y duod\u00e9cimo, adem\u00e1s de cuadernos de trabajo y libretas ajustadas.<\/p>\n<p>La ministra precis\u00f3 que los centros internos y los Institutos Preuniversitarios Vocacionales de Ciencias Exactas retomar\u00e1n la presencialidad con variantes territoriales, mientras se mantiene el apoyo a los m\u00e1s vulnerables y a la Educaci\u00f3n Especial, gracias al esfuerzo de los gobiernos locales.<\/p>\n<p>Los c\u00edrculos infantiles continuar\u00e1n prestando servicios seg\u00fan las condiciones de cada territorio.<\/p>\n<p>El calendario acad\u00e9mico ser\u00e1 flexible y adaptado a la situaci\u00f3n real de cada instituci\u00f3n y provincia.<\/p>\n<p>\u00abLa presencialidad es clave para las edades de la Educaci\u00f3n General\u00bb, afirm\u00f3 la ministra, quien transmiti\u00f3 un mensaje final centrado en la unidad, el esfuerzo colectivo y la confianza en la educaci\u00f3n cubana como aliento para todos.<\/p>\n","protected":false},"excerpt":{"rendered":"<p>Miguel D\u00edaz-Canel Berm\u00fadez, Primer Secretario del Comit\u00e9 Central del Partido Comunista de Cuba y Presidente de la Rep\u00fablica, acudi\u00f3 este martes al Acto Nacional que da inicio al Curso Escolar 2026-2027 en el municipio de La Habana Vieja.<\/p>\n","protected":false},"author":123,"featured_media":79046,"comment_status":"open","ping_status":"open","sticky":false,"template":"","format":"standard","meta":{"_acf_changed":false,"footnotes":""},"categories":[8,3,14],"tags":[122,3355,29],"coauthors":[1895],"class_list":["post-79045","post","type-post","status-publish","format-standard","has-post-thumbnail","hentry","category-noticia","category-cuba","category-educacion","tag-curso-escolar","tag-curso-escolar-2026-2027","tag-educacion"],"acf":[],"_links":{"self":[{"href":"https:\/\/www.radiosanctispiritus.cu\/es\/wp-json\/wp\/v2\/posts\/79045","targetHints":{"allow":["GET"]}}],"collection":[{"href":"https:\/\/www.radiosanctispiritus.cu\/es\/wp-json\/wp\/v2\/posts"}],"about":[{"href":"https:\/\/www.radiosanctispiritus.cu\/es\/wp-json\/wp\/v2\/types\/post"}],"author":[{"embeddable":true,"href":"https:\/\/www.radiosanctispiritus.cu\/es\/wp-json\/wp\/v2\/users\/123"}],"replies":[{"embeddable":true,"href":"https:\/\/www.radiosanctispiritus.cu\/es\/wp-json\/wp\/v2\/comments?post=79045"}],"version-history":[{"count":3,"href":"https:\/\/www.radiosanctispiritus.cu\/es\/wp-json\/wp\/v2\/posts\/79045\/revisions"}],"predecessor-version":[{"id":79049,"href":"https:\/\/www.radiosanctispiritus.cu\/es\/wp-json\/wp\/v2\/posts\/79045\/revisions\/79049"}],"wp:featuredmedia":[{"embeddable":true,"href":"https:\/\/www.radiosanctispiritus.cu\/es\/wp-json\/wp\/v2\/media\/79046"}],"wp:attachment":[{"href":"https:\/\/www.radiosanctispiritus.cu\/es\/wp-json\/wp\/v2\/media?parent=79045"}],"wp:term":[{"taxonomy":"category","embeddable":true,"href":"https:\/\/www.radiosanctispiritus.cu\/es\/wp-json\/wp\/v2\/categories?post=79045"},{"taxonomy":"post_tag","embeddable":true,"href":"https:\/\/www.radiosanctispiritus.cu\/es\/wp-json\/wp\/v2\/tags?post=79045"},{"taxonomy":"author","embeddable":true,"href":"https:\/\/www.radiosanctispiritus.cu\/es\/wp-json\/wp\/v2\/coauthors?post=79045"}],"curies":[{"name":"wp","href":"https:\/\/api.w.org\/{rel}","templated":true}]}}