{"id":79043,"date":"2026-09-01T09:35:18","date_gmt":"2026-09-01T13:35:18","guid":{"rendered":"https:\/\/www.radiosanctispiritus.cu\/es\/?p=79043"},"modified":"2026-09-01T09:52:30","modified_gmt":"2026-09-01T13:52:30","slug":"pronostica-empresa-electrica-un-dia-critico-para-la-provincia","status":"publish","type":"post","link":"https:\/\/www.radiosanctispiritus.cu\/es\/pronostica-empresa-electrica-un-dia-critico-para-la-provincia\/","title":{"rendered":"Pronostica empresa el\u00e9ctrica un d\u00eda cr\u00edtico para la provincia"},"content":{"rendered":"<p class=\"ds-markdown-paragraph\"><span class=\"\">En el espacio habitual de la revista informativa <\/span><em><span class=\"\">Como lo Oyes<\/span><\/em><span class=\"\">, la especialista de la Empresa El\u00e9ctrica Provincial en Sancti Sp\u00edritus, Anabel Lage, ofreci\u00f3 este jueves un detallado reporte sobre el estado del Sistema El\u00e9ctrico Nacional (SEN) y su impacto en el territorio espirituano.<br \/>\n<iframe src=\"https:\/\/www.ivoox.com\/player_ej_179827850_6_1.html?c1=ce5c00\" width=\"100%\" height=\"200\" frameborder=\"0\" scrolling=\"no\" allowfullscreen=\"allowfullscreen\"><\/iframe><\/span><\/p>\n<p class=\"ds-markdown-paragraph\"><span class=\"\">Seg\u00fan la informaci\u00f3n transmitida en vivo, durante la jornada del mi\u00e9rcoles se afect\u00f3 el servicio por d\u00e9ficit de capacidad durante las 24 horas, con una m\u00e1xima afectaci\u00f3n provincial de 103 MW. El tiempo promedio de interrupci\u00f3n fue de 16 horas y 47 minutos, mientras que el tiempo m\u00e1ximo alcanz\u00f3 las 34 horas y 8 minutos.<\/span><\/p>\n<p class=\"ds-markdown-paragraph\"><span class=\"\">Para el pico nocturno de hoy, se estima una afectaci\u00f3n a nivel nacional de 2310 MW, lo que augura \u00abun d\u00eda complejo con altos niveles de afectaci\u00f3n\u00bb. En el momento de la emisi\u00f3n, la provincia ya registraba 79 MW afectados.<\/span><\/p>\n<p class=\"ds-markdown-paragraph\"><strong><span class=\"\">Situaci\u00f3n de las unidades generadoras y combustibles<\/span><\/strong><\/p>\n<p class=\"ds-markdown-paragraph\"><span class=\"\">Entre las causas de la contingencia, Lage detall\u00f3 que se encuentran fuera de servicio por aver\u00eda las unidades 5, 6 y 8 de Mariel; la 4 de Cienfuegos; la 2 de Santa Cruz; la 6 de Rente; y la 2 de Felton. Adem\u00e1s, est\u00e1n en mantenimiento la unidad 3 de Santa Cruz, la unidad 5 de Nuevitas y la unidad 5 de Rente. Las limitaciones en la generaci\u00f3n t\u00e9rmica ascienden a 405 MW.<\/span><\/p>\n<p class=\"ds-markdown-paragraph\"><span class=\"\">A esto se suman 106 centrales de generaci\u00f3n distribuida que permanecen fuera de operaci\u00f3n por falta de combustible, lo que representa 890 MW no disponibles.<\/span><\/p>\n<p class=\"ds-markdown-paragraph\"><strong><span class=\"\">Incidencias en circuitos locales<\/span><\/strong><\/p>\n<p class=\"ds-markdown-paragraph\"><span class=\"\">La v\u00edspera, se reportaron aver\u00edas en varios circuitos de la provincia:<\/span><\/p>\n<ul>\n<li>\n<p class=\"ds-markdown-paragraph\"><span class=\"\">El circuito 113 de Sancti Sp\u00edritus estuvo afectado desde las 2:00 p. m. hasta las 5:45 p. m. por un cambio de transformador.<\/span><\/p>\n<\/li>\n<li>\n<p class=\"ds-markdown-paragraph\"><span class=\"\">El circuito 40 de Jatibonico sufri\u00f3 interrupci\u00f3n desde la 1:20 p. m. hasta las 2:15 p. m. debido a un conductor partido.<\/span><\/p>\n<\/li>\n<li>\n<p class=\"ds-markdown-paragraph\"><span class=\"\">Los circuitos 41 y 99 de Jatibonico presentaron fallos en dos momentos: de 11:24 a. m. a 1:19 p. m., y nuevamente de 1:45 p. m. a 2:41 p. m., por un fusible fundido en la subestaci\u00f3n.<\/span><\/p>\n<\/li>\n<\/ul>\n<p class=\"ds-markdown-paragraph\"><strong><span class=\"\">Gesti\u00f3n de quejas y canales de informaci\u00f3n<\/span><\/strong><\/p>\n<p class=\"ds-markdown-paragraph\"><span class=\"\">Actualmente, la provincia contabiliza 169 quejas identificadas, distribuidas en los municipios: Fomento (11), Cabaigu\u00e1n (40), Jatibonico (14), Sancti Sp\u00edritus (44), Trinidad (14), Taguasco (4) y Yaguajay (42). Las brigadas de trabajadores el\u00e9ctricos se mantienen desplegadas para atender estas incidencias seg\u00fan su nivel de complejidad.<\/span><\/p>\n<p class=\"ds-markdown-paragraph\"><span class=\"\">La Empresa El\u00e9ctrica recuerda a la poblaci\u00f3n que puede mantenerse informada a trav\u00e9s de sus canales oficiales: Telegram, WhatsApp, la operadora virtual por Messenger, o llamando al centro de llamadas 188 88, disponible las 24 horas. Tambi\u00e9n reiteraron el espacio radial cercano a las 3:30 p. m. en el <\/span><em><span class=\"\">show de las 3<\/span><\/em><span class=\"\">.<\/span><\/p>\n<p class=\"ds-markdown-paragraph\"><span class=\"\">Para escuchar el reporte completo de Anabel Lage, acceda al audio bajo demanda disponible en esta misma p\u00e1gina.<\/span><\/p>\n","protected":false},"excerpt":{"rendered":"<p>En el espacio habitual de la revista informativa Como lo Oyes, la especialista de la Empresa El\u00e9ctrica Provincial en Sancti Sp\u00edritus, Anabel Lage, ofreci\u00f3 este jueves un detallado reporte sobre el estado del Sistema El\u00e9ctrico Nacional (SEN) y su impacto en el territorio espirituano. Seg\u00fan la informaci\u00f3n transmitida en vivo, durante la jornada del mi\u00e9rcoles [&hellip;]<\/p>\n","protected":false},"author":4,"featured_media":74124,"comment_status":"open","ping_status":"open","sticky":false,"template":"","format":"standard","meta":{"_acf_changed":false,"footnotes":""},"categories":[8,9,1],"tags":[3020,3096,1780,2520,2020],"coauthors":[1883],"class_list":["post-79043","post","type-post","status-publish","format-standard","has-post-thumbnail","hentry","category-noticia","category-en-audio","category-sancti-spiritus","tag-afectaciones-electricas","tag-empresa-electrica-provincial","tag-sancti-spiritus","tag-servicio-electrico","tag-sistema-electrico-nacional"],"acf":[],"_links":{"self":[{"href":"https:\/\/www.radiosanctispiritus.cu\/es\/wp-json\/wp\/v2\/posts\/79043","targetHints":{"allow":["GET"]}}],"collection":[{"href":"https:\/\/www.radiosanctispiritus.cu\/es\/wp-json\/wp\/v2\/posts"}],"about":[{"href":"https:\/\/www.radiosanctispiritus.cu\/es\/wp-json\/wp\/v2\/types\/post"}],"author":[{"embeddable":true,"href":"https:\/\/www.radiosanctispiritus.cu\/es\/wp-json\/wp\/v2\/users\/4"}],"replies":[{"embeddable":true,"href":"https:\/\/www.radiosanctispiritus.cu\/es\/wp-json\/wp\/v2\/comments?post=79043"}],"version-history":[{"count":2,"href":"https:\/\/www.radiosanctispiritus.cu\/es\/wp-json\/wp\/v2\/posts\/79043\/revisions"}],"predecessor-version":[{"id":79057,"href":"https:\/\/www.radiosanctispiritus.cu\/es\/wp-json\/wp\/v2\/posts\/79043\/revisions\/79057"}],"wp:featuredmedia":[{"embeddable":true,"href":"https:\/\/www.radiosanctispiritus.cu\/es\/wp-json\/wp\/v2\/media\/74124"}],"wp:attachment":[{"href":"https:\/\/www.radiosanctispiritus.cu\/es\/wp-json\/wp\/v2\/media?parent=79043"}],"wp:term":[{"taxonomy":"category","embeddable":true,"href":"https:\/\/www.radiosanctispiritus.cu\/es\/wp-json\/wp\/v2\/categories?post=79043"},{"taxonomy":"post_tag","embeddable":true,"href":"https:\/\/www.radiosanctispiritus.cu\/es\/wp-json\/wp\/v2\/tags?post=79043"},{"taxonomy":"author","embeddable":true,"href":"https:\/\/www.radiosanctispiritus.cu\/es\/wp-json\/wp\/v2\/coauthors?post=79043"}],"curies":[{"name":"wp","href":"https:\/\/api.w.org\/{rel}","templated":true}]}}