{"id":79037,"date":"2026-09-01T09:50:46","date_gmt":"2026-09-01T13:50:46","guid":{"rendered":"https:\/\/www.radiosanctispiritus.cu\/es\/?p=79037"},"modified":"2026-09-01T09:08:59","modified_gmt":"2026-09-01T13:08:59","slug":"lena-carla-jimenez-cumplio-su-sueno-de-ser-maestra","status":"publish","type":"post","link":"https:\/\/www.radiosanctispiritus.cu\/es\/lena-carla-jimenez-cumplio-su-sueno-de-ser-maestra\/","title":{"rendered":"Lena Carla Jim\u00e9nez cumpli\u00f3 su sue\u00f1o de ser maestra"},"content":{"rendered":"","protected":false},"excerpt":{"rendered":"","protected":false},"author":4,"featured_media":79039,"comment_status":"open","ping_status":"open","sticky":false,"template":"","format":"audio","meta":{"_acf_changed":false,"footnotes":""},"categories":[1145,3015,1681,10],"tags":[2896,2942,3411,904,3412],"coauthors":[1883],"class_list":["post-79037","post","type-post","status-publish","format-audio","has-post-thumbnail","hentry","category-podcast","category-gente-de-hoy-podcast","category-gente-de-hoy","category-programas-de-radio","tag-gente-de-hoy","tag-historias-de-vida","tag-maestra-cubana","tag-radio-sancti-spiritus","tag-vocacion-pedagogica","post_format-post-format-audio"],"acf":[],"_links":{"self":[{"href":"https:\/\/www.radiosanctispiritus.cu\/es\/wp-json\/wp\/v2\/posts\/79037","targetHints":{"allow":["GET"]}}],"collection":[{"href":"https:\/\/www.radiosanctispiritus.cu\/es\/wp-json\/wp\/v2\/posts"}],"about":[{"href":"https:\/\/www.radiosanctispiritus.cu\/es\/wp-json\/wp\/v2\/types\/post"}],"author":[{"embeddable":true,"href":"https:\/\/www.radiosanctispiritus.cu\/es\/wp-json\/wp\/v2\/users\/4"}],"replies":[{"embeddable":true,"href":"https:\/\/www.radiosanctispiritus.cu\/es\/wp-json\/wp\/v2\/comments?post=79037"}],"version-history":[{"count":3,"href":"https:\/\/www.radiosanctispiritus.cu\/es\/wp-json\/wp\/v2\/posts\/79037\/revisions"}],"predecessor-version":[{"id":79042,"href":"https:\/\/www.radiosanctispiritus.cu\/es\/wp-json\/wp\/v2\/posts\/79037\/revisions\/79042"}],"wp:featuredmedia":[{"embeddable":true,"href":"https:\/\/www.radiosanctispiritus.cu\/es\/wp-json\/wp\/v2\/media\/79039"}],"wp:attachment":[{"href":"https:\/\/www.radiosanctispiritus.cu\/es\/wp-json\/wp\/v2\/media?parent=79037"}],"wp:term":[{"taxonomy":"category","embeddable":true,"href":"https:\/\/www.radiosanctispiritus.cu\/es\/wp-json\/wp\/v2\/categories?post=79037"},{"taxonomy":"post_tag","embeddable":true,"href":"https:\/\/www.radiosanctispiritus.cu\/es\/wp-json\/wp\/v2\/tags?post=79037"},{"taxonomy":"author","embeddable":true,"href":"https:\/\/www.radiosanctispiritus.cu\/es\/wp-json\/wp\/v2\/coauthors?post=79037"}],"curies":[{"name":"wp","href":"https:\/\/api.w.org\/{rel}","templated":true}]}}