{"id":79024,"date":"2026-09-01T03:26:07","date_gmt":"2026-09-01T07:26:07","guid":{"rendered":"https:\/\/www.radiosanctispiritus.cu\/es\/?p=79024"},"modified":"2026-09-01T09:49:39","modified_gmt":"2026-09-01T13:49:39","slug":"participa-cuba-como-socio-de-dialogo-en-foro-de-las-islas-del-pacifico","status":"publish","type":"post","link":"https:\/\/www.radiosanctispiritus.cu\/es\/participa-cuba-como-socio-de-dialogo-en-foro-de-las-islas-del-pacifico\/","title":{"rendered":"Participa Cuba  como socio de di\u00e1logo en Foro de las Islas del Pac\u00edfico"},"content":{"rendered":"<p>Cuba participa como socio de di\u00e1logo en la LV Reuni\u00f3n de L\u00edderes del Foro de las Islas del Pac\u00edfico, que se celebra del 30 de agosto al 4 de septiembre en Palaos, representada por el Embajador de Cuba en Fiyi y concurrente ante los pa\u00edses insulares del Pac\u00edfico, N\u00e9stor Torres.<\/p>\n<p>Durante este importante espacio de di\u00e1logo e intercambio pol\u00edtico regional, <strong>Cuba comparte sus experiencias y saberes sobre los retos comunes de los peque\u00f1os Estados insulares y reafirma su disposici\u00f3n a continuar fortaleciendo los v\u00ednculos de amistad, solidaridad y cooperaci\u00f3n con las naciones del Pac\u00edfico<\/strong>. El Embajador cubano sostendr\u00e1, adem\u00e1s, intercambios bilaterales con dirigentes de los Estados de la regi\u00f3n.<\/p>\n<p>La reuni\u00f3n, tiene como tema central \u201cB.E.L.A.U.-Construir econom\u00edas: Vida. Acci\u00f3n. Unidad\u201d, con \u00e9nfasis en la adopci\u00f3n de enfoques regionales coordinados en materia de financiaci\u00f3n del desarrollo, movilizaci\u00f3n de inversiones y cooperaci\u00f3n econ\u00f3mica.<\/p>\n<p>Asimismo, se insistir\u00e1 en <strong>la necesidad de reforzar la defensa colectiva de las prioridades del Pac\u00edfico, entre ellas, la acci\u00f3n clim\u00e1tica, el desarrollo sostenible y la resiliencia econ\u00f3mica,<\/strong> para garantizar que sigan teniendo visibilidad en una agenda internacional cada vez m\u00e1s saturada y controvertida.<\/p>\n<p><strong>(Tomado de Cubaminrex)<\/strong><\/p>\n","protected":false},"excerpt":{"rendered":"<p>Cuba participa como socio de di\u00e1logo en la LV Reuni\u00f3n de L\u00edderes del Foro de las Islas del Pac\u00edfico, que se celebra del 30 de agosto al 4 de septiembre en Palaos, representada por el Embajador de Cuba en Fiyi y concurrente ante los pa\u00edses insulares del Pac\u00edfico, N\u00e9stor Torres. Durante este importante espacio de [&hellip;]<\/p>\n","protected":false},"author":26,"featured_media":79026,"comment_status":"open","ping_status":"open","sticky":false,"template":"","format":"standard","meta":{"_acf_changed":false,"footnotes":""},"categories":[8,3],"tags":[1489,50,3408,3409],"coauthors":[1887],"class_list":["post-79024","post","type-post","status-publish","format-standard","has-post-thumbnail","hentry","category-noticia","category-cuba","tag-cooperacion","tag-cuba","tag-foro-de-las-islas-del-pacifico","tag-reunion"],"acf":[],"_links":{"self":[{"href":"https:\/\/www.radiosanctispiritus.cu\/es\/wp-json\/wp\/v2\/posts\/79024","targetHints":{"allow":["GET"]}}],"collection":[{"href":"https:\/\/www.radiosanctispiritus.cu\/es\/wp-json\/wp\/v2\/posts"}],"about":[{"href":"https:\/\/www.radiosanctispiritus.cu\/es\/wp-json\/wp\/v2\/types\/post"}],"author":[{"embeddable":true,"href":"https:\/\/www.radiosanctispiritus.cu\/es\/wp-json\/wp\/v2\/users\/26"}],"replies":[{"embeddable":true,"href":"https:\/\/www.radiosanctispiritus.cu\/es\/wp-json\/wp\/v2\/comments?post=79024"}],"version-history":[{"count":1,"href":"https:\/\/www.radiosanctispiritus.cu\/es\/wp-json\/wp\/v2\/posts\/79024\/revisions"}],"predecessor-version":[{"id":79028,"href":"https:\/\/www.radiosanctispiritus.cu\/es\/wp-json\/wp\/v2\/posts\/79024\/revisions\/79028"}],"wp:featuredmedia":[{"embeddable":true,"href":"https:\/\/www.radiosanctispiritus.cu\/es\/wp-json\/wp\/v2\/media\/79026"}],"wp:attachment":[{"href":"https:\/\/www.radiosanctispiritus.cu\/es\/wp-json\/wp\/v2\/media?parent=79024"}],"wp:term":[{"taxonomy":"category","embeddable":true,"href":"https:\/\/www.radiosanctispiritus.cu\/es\/wp-json\/wp\/v2\/categories?post=79024"},{"taxonomy":"post_tag","embeddable":true,"href":"https:\/\/www.radiosanctispiritus.cu\/es\/wp-json\/wp\/v2\/tags?post=79024"},{"taxonomy":"author","embeddable":true,"href":"https:\/\/www.radiosanctispiritus.cu\/es\/wp-json\/wp\/v2\/coauthors?post=79024"}],"curies":[{"name":"wp","href":"https:\/\/api.w.org\/{rel}","templated":true}]}}