{"id":79018,"date":"2026-08-31T21:36:54","date_gmt":"2026-09-01T01:36:54","guid":{"rendered":"https:\/\/www.radiosanctispiritus.cu\/es\/?p=79018"},"modified":"2026-08-31T21:36:54","modified_gmt":"2026-09-01T01:36:54","slug":"eeuu-dan-driscoll-renuncia-como-secretario-del-ejercito","status":"publish","type":"post","link":"https:\/\/www.radiosanctispiritus.cu\/es\/eeuu-dan-driscoll-renuncia-como-secretario-del-ejercito\/","title":{"rendered":"EEUU: Dan Driscoll renuncia como secretario del Ej\u00e9rcito"},"content":{"rendered":"<p>El secretario del Ej\u00e9rcito estadounidense, Dan Driscoll, dejar\u00e1 el cargo tras 18 meses en el puesto, inform\u00f3 la Casa Blanca el lunes, la salida m\u00e1s reciente de\u00a0un alto l\u00edder militar\u00a0en el gobierno del presidente Donald Trump.<\/p>\n<p>No se dio ninguna raz\u00f3n para la partida de Driscoll, quien es amigo del vicepresidente JD Vance, pero se ha reportado ampliamente que hab\u00eda\u00a0tensiones con el secretario de Defensa, Pete Hegseth. Es el episodio\u00a0m\u00e1s reciente de una serie de cambios\u00a0en la c\u00fapula militar, siendo el Ej\u00e9rcito en particular el que ha experimentado mayor reestructuraci\u00f3n.<\/p>\n<p>\u201cEl secretario Driscoll ha sido sumamente eficaz para impulsar la agenda del presidente Trump de Hacer a Estados Unidos Fuerte de Nuevo en el Departamento del Ej\u00e9rcito, al brindar un liderazgo sobresaliente durante operaciones militares hist\u00f3ricas, restablecer el \u00e9nfasis en la preparaci\u00f3n y la letalidad, colaborar en las negociaciones entre Rusia y Ucrania, y m\u00e1s\u201d, manifest\u00f3 en un comunicado Anna Kelly, portavoz de la Casa Blanca.<\/p>\n<p>\u201cEl Ej\u00e9rcito de Estados Unidos es m\u00e1s poderoso que nunca gracias a su trabajo junto al comandante en jefe (de las fuerzas armadas) y el secretario de Guerra\u201d, a\u00f1adi\u00f3.<\/p>\n<p>Un funcionario del Ej\u00e9rcito, que no estaba autorizado a comentar p\u00fablicamente y habl\u00f3 a condici\u00f3n de guardar el anonimato, confirm\u00f3 que\u00a0Driscoll present\u00f3 su renuncia. El funcionario no ofreci\u00f3 detalles adicionales. El Pent\u00e1gono remiti\u00f3 las preguntas al Ej\u00e9rcito.<\/p>\n<p><strong>(Con informaci\u00f3n de AP)<\/strong><\/p>\n","protected":false},"excerpt":{"rendered":"<p>El secretario del Ej\u00e9rcito estadounidense, Dan Driscoll, dejar\u00e1 el cargo tras 18 meses en el puesto, inform\u00f3 la Casa Blanca el lunes, la salida m\u00e1s reciente de\u00a0un alto l\u00edder militar\u00a0en el gobierno del presidente Donald Trump.<\/p>\n","protected":false},"author":26,"featured_media":79019,"comment_status":"open","ping_status":"open","sticky":false,"template":"","format":"standard","meta":{"_acf_changed":false,"footnotes":""},"categories":[8,4],"tags":[1962],"coauthors":[1887],"class_list":["post-79018","post","type-post","status-publish","format-standard","has-post-thumbnail","hentry","category-noticia","category-internacionales","tag-ee-uu"],"acf":[],"_links":{"self":[{"href":"https:\/\/www.radiosanctispiritus.cu\/es\/wp-json\/wp\/v2\/posts\/79018","targetHints":{"allow":["GET"]}}],"collection":[{"href":"https:\/\/www.radiosanctispiritus.cu\/es\/wp-json\/wp\/v2\/posts"}],"about":[{"href":"https:\/\/www.radiosanctispiritus.cu\/es\/wp-json\/wp\/v2\/types\/post"}],"author":[{"embeddable":true,"href":"https:\/\/www.radiosanctispiritus.cu\/es\/wp-json\/wp\/v2\/users\/26"}],"replies":[{"embeddable":true,"href":"https:\/\/www.radiosanctispiritus.cu\/es\/wp-json\/wp\/v2\/comments?post=79018"}],"version-history":[{"count":1,"href":"https:\/\/www.radiosanctispiritus.cu\/es\/wp-json\/wp\/v2\/posts\/79018\/revisions"}],"predecessor-version":[{"id":79020,"href":"https:\/\/www.radiosanctispiritus.cu\/es\/wp-json\/wp\/v2\/posts\/79018\/revisions\/79020"}],"wp:featuredmedia":[{"embeddable":true,"href":"https:\/\/www.radiosanctispiritus.cu\/es\/wp-json\/wp\/v2\/media\/79019"}],"wp:attachment":[{"href":"https:\/\/www.radiosanctispiritus.cu\/es\/wp-json\/wp\/v2\/media?parent=79018"}],"wp:term":[{"taxonomy":"category","embeddable":true,"href":"https:\/\/www.radiosanctispiritus.cu\/es\/wp-json\/wp\/v2\/categories?post=79018"},{"taxonomy":"post_tag","embeddable":true,"href":"https:\/\/www.radiosanctispiritus.cu\/es\/wp-json\/wp\/v2\/tags?post=79018"},{"taxonomy":"author","embeddable":true,"href":"https:\/\/www.radiosanctispiritus.cu\/es\/wp-json\/wp\/v2\/coauthors?post=79018"}],"curies":[{"name":"wp","href":"https:\/\/api.w.org\/{rel}","templated":true}]}}