{"id":79011,"date":"2026-09-01T05:15:43","date_gmt":"2026-09-01T09:15:43","guid":{"rendered":"https:\/\/www.radiosanctispiritus.cu\/es\/?p=79011"},"modified":"2026-09-01T09:14:19","modified_gmt":"2026-09-01T13:14:19","slug":"sancti-spiritus-vuelve-a-las-aulas","status":"publish","type":"post","link":"https:\/\/www.radiosanctispiritus.cu\/es\/sancti-spiritus-vuelve-a-las-aulas\/","title":{"rendered":"Sancti Sp\u00edritus vuelve a las aulas"},"content":{"rendered":"<p>Cuando este martes primero de septiembre en toda Cuba se inicia un nuevo curso escolar, en Sancti Sp\u00edritus abrieron sus puertas m\u00e1s de 440\u00a0 escuelas, para asumir una matr\u00edcula que supera los 60 mil estudiantes de los diferentes niveles educativos.<\/p>\n<p>Previo a este inicio en el territorio se desarrollaron dis\u00edmiles acciones, que van desde la organizaci\u00f3n de la base material de estudio y de vida de los educandos, hasta jornadas de limpieza y embellecimiento en las escuelas, para garantizar el inicio del periodo lectivo, en medio de la compleja situaci\u00f3n que vive el pa\u00eds.<\/p>\n<p>El acto provincial de inicio del calendario escolar en Sancti Sp\u00edritus tuvo como sede a la instituci\u00f3n educativa Julio Antonio Mella, del municipio cabecera, aunque en cada municipio y en cada plantel educacional espirituano se realizaron actos de bienvenida para iniciar el curso 2026 \u2013 2027.<\/p>\n<p><img decoding=\"async\" class=\"size-medium wp-image-79031 aligncenter\" src=\"https:\/\/www.radiosanctispiritus.cu\/es\/wp-content\/uploads\/IMG_20260901_082309-600x600.jpg\" alt=\"\" width=\"600\" height=\"600\" srcset=\"https:\/\/www.radiosanctispiritus.cu\/es\/wp-content\/uploads\/IMG_20260901_082309-600x600.jpg 600w, https:\/\/www.radiosanctispiritus.cu\/es\/wp-content\/uploads\/IMG_20260901_082309-1024x1024.jpg 1024w, https:\/\/www.radiosanctispiritus.cu\/es\/wp-content\/uploads\/IMG_20260901_082309-80x80.jpg 80w, https:\/\/www.radiosanctispiritus.cu\/es\/wp-content\/uploads\/IMG_20260901_082309-768x768.jpg 768w, https:\/\/www.radiosanctispiritus.cu\/es\/wp-content\/uploads\/IMG_20260901_082309-1536x1536.jpg 1536w, https:\/\/www.radiosanctispiritus.cu\/es\/wp-content\/uploads\/IMG_20260901_082309-2048x2048.jpg 2048w, https:\/\/www.radiosanctispiritus.cu\/es\/wp-content\/uploads\/IMG_20260901_082309-150x150.jpg 150w\" sizes=\"(max-width: 600px) 100vw, 600px\" \/><\/p>\n<p>El regreso a las aulas, esta vez llega en medio de retos conocidos, pero tambi\u00e9n con la voluntad institucional y el esfuerzo de docentes y familias para sostener uno de los pilares m\u00e1s sensibles en nuestro pa\u00eds, que es la Educaci\u00f3n de ni\u00f1os, adolescentes y j\u00f3venes.<\/p>\n<p><img decoding=\"async\" class=\"aligncenter wp-image-79033 size-medium\" src=\"https:\/\/www.radiosanctispiritus.cu\/es\/wp-content\/uploads\/IMG_20260901_082436-scaled-e1788268349301-600x490.jpg\" alt=\"\" width=\"600\" height=\"490\" srcset=\"https:\/\/www.radiosanctispiritus.cu\/es\/wp-content\/uploads\/IMG_20260901_082436-scaled-e1788268349301-600x490.jpg 600w, https:\/\/www.radiosanctispiritus.cu\/es\/wp-content\/uploads\/IMG_20260901_082436-scaled-e1788268349301-1024x837.jpg 1024w, https:\/\/www.radiosanctispiritus.cu\/es\/wp-content\/uploads\/IMG_20260901_082436-scaled-e1788268349301-768x628.jpg 768w, https:\/\/www.radiosanctispiritus.cu\/es\/wp-content\/uploads\/IMG_20260901_082436-scaled-e1788268349301-1536x1255.jpg 1536w, https:\/\/www.radiosanctispiritus.cu\/es\/wp-content\/uploads\/IMG_20260901_082436-scaled-e1788268349301-2048x1674.jpg 2048w\" sizes=\"(max-width: 600px) 100vw, 600px\" \/><\/p>\n","protected":false},"excerpt":{"rendered":"<p>Cuando este martes primero de septiembre en toda Cuba se inicia un nuevo curso escolar, en Sancti Sp\u00edritus abren sus puertas m\u00e1s de 440\u00a0 escuelas, para asumir una matr\u00edcula que supera los 60 mil estudiantes de los diferentes niveles educativos.<\/p>\n","protected":false},"author":8,"featured_media":79030,"comment_status":"open","ping_status":"open","sticky":false,"template":"","format":"standard","meta":{"_acf_changed":false,"footnotes":""},"categories":[8,14,1],"tags":[122,3355,29],"coauthors":[1917],"class_list":["post-79011","post","type-post","status-publish","format-standard","has-post-thumbnail","hentry","category-noticia","category-educacion","category-sancti-spiritus","tag-curso-escolar","tag-curso-escolar-2026-2027","tag-educacion"],"acf":[],"_links":{"self":[{"href":"https:\/\/www.radiosanctispiritus.cu\/es\/wp-json\/wp\/v2\/posts\/79011","targetHints":{"allow":["GET"]}}],"collection":[{"href":"https:\/\/www.radiosanctispiritus.cu\/es\/wp-json\/wp\/v2\/posts"}],"about":[{"href":"https:\/\/www.radiosanctispiritus.cu\/es\/wp-json\/wp\/v2\/types\/post"}],"author":[{"embeddable":true,"href":"https:\/\/www.radiosanctispiritus.cu\/es\/wp-json\/wp\/v2\/users\/8"}],"replies":[{"embeddable":true,"href":"https:\/\/www.radiosanctispiritus.cu\/es\/wp-json\/wp\/v2\/comments?post=79011"}],"version-history":[{"count":5,"href":"https:\/\/www.radiosanctispiritus.cu\/es\/wp-json\/wp\/v2\/posts\/79011\/revisions"}],"predecessor-version":[{"id":79044,"href":"https:\/\/www.radiosanctispiritus.cu\/es\/wp-json\/wp\/v2\/posts\/79011\/revisions\/79044"}],"wp:featuredmedia":[{"embeddable":true,"href":"https:\/\/www.radiosanctispiritus.cu\/es\/wp-json\/wp\/v2\/media\/79030"}],"wp:attachment":[{"href":"https:\/\/www.radiosanctispiritus.cu\/es\/wp-json\/wp\/v2\/media?parent=79011"}],"wp:term":[{"taxonomy":"category","embeddable":true,"href":"https:\/\/www.radiosanctispiritus.cu\/es\/wp-json\/wp\/v2\/categories?post=79011"},{"taxonomy":"post_tag","embeddable":true,"href":"https:\/\/www.radiosanctispiritus.cu\/es\/wp-json\/wp\/v2\/tags?post=79011"},{"taxonomy":"author","embeddable":true,"href":"https:\/\/www.radiosanctispiritus.cu\/es\/wp-json\/wp\/v2\/coauthors?post=79011"}],"curies":[{"name":"wp","href":"https:\/\/api.w.org\/{rel}","templated":true}]}}