{"id":78996,"date":"2026-09-01T04:47:46","date_gmt":"2026-09-01T08:47:46","guid":{"rendered":"https:\/\/www.radiosanctispiritus.cu\/es\/?p=78996"},"modified":"2026-08-31T17:14:18","modified_gmt":"2026-08-31T21:14:18","slug":"mejoran-espacios-para-pacientes-de-neurocirugia-en-sancti-spiritus","status":"publish","type":"post","link":"https:\/\/www.radiosanctispiritus.cu\/es\/mejoran-espacios-para-pacientes-de-neurocirugia-en-sancti-spiritus\/","title":{"rendered":"Mejoran espacios para pacientes de neurocirug\u00eda en Sancti Sp\u00edritus"},"content":{"rendered":"<p>Dos cub\u00edculos destinados a la estancia postoperatoria de pacientes del servicio de neurocirug\u00eda fueron reparados recientemente en el Hospital Provincial Camilo Cienfuegos, de Sancti Sp\u00edritus, con el aporte de varias empresas del Ministerio de Industrias.<\/p>\n<p>De acuerdo con Ariel \u00c1lvarez Rodr\u00edguez, jefe del referido servicio, la mejora de estos espacios ofrece mayor bienestar a los pacientes durante una etapa decisiva de su recuperaci\u00f3n luego de intervenciones quir\u00fargicas que requieren vigilancia y cuidados especiales.<\/p>\n<p>\u00abEste grupo de empresas se dedicaron a trabajar en algunas caracter\u00edsticas de deterioro que ten\u00eda esta sala. La sala nuestra fue una de las primeras salas que se repar\u00f3 cuando se hizo la reparaci\u00f3n capital del hospital y desde esa \u00e9poca no hab\u00eda recibido ninguna mejor\u00eda.<\/p>\n<p>\u00abSe mejoraron en condiciones de vida la sala para que la hospitalizaci\u00f3n de nuestros pacientes fuera m\u00e1s amena y lograron una sala con un grupo de caracter\u00edsticas donde el paciente se sintiera mejor y pasara su estad\u00eda hospitalaria con nosotros, de una manera m\u00e1s c\u00f3moda. Uno de los logros que pudimos tener en esta reparaci\u00f3n es que tenemos un cub\u00edculo de cuatro camas climatizado para los pacientes que se operan de tumor cerebral\u00bb.<\/p>\n<p>Seg\u00fan \u00c1lvarez Rodr\u00edguez, el aporte intersectorial evidencia adem\u00e1s el impacto que generan las alianzas entre entidades productivas y el sistema sanitario en la recuperaci\u00f3n de \u00e1reas hospitalarias destinadas a la atenci\u00f3n de los enfermos.<\/p>\n<p>\u00abEl otro cub\u00edculo que se revitaliz\u00f3, se climatiz\u00f3, se incorporaron camas nuevas, es un cub\u00edculo de vascular, que se logra despu\u00e9s del prop\u00f3sito que tuvimos desde el a\u00f1o 2024 de reincorporar la cirug\u00eda vascular en nuestro servicio, cirug\u00eda que hac\u00eda 20 a\u00f1os no se realizaba. Y una de las cosas que necesit\u00e1bamos para poder revitalizar esta cirug\u00eda era un cub\u00edculo que tuviera condiciones para el posoperatorio de estos pacientes. Este cub\u00edculo igual, climatizado, con camas nuevas y con condiciones diferentes. Hoy lo utilizamos en el posoperatorio de estos pacientes que se operan de cirug\u00eda vascular en nuestro servicio y complet\u00f3 el ciclo necesario de infraestructura para la cirug\u00eda de estos pacientes\u00bb.<\/p>\n<p>Las mejoras en las condiciones de estos cub\u00edculos tambi\u00e9n favorecen el \u00edndice de satisfacci\u00f3n de los pacientes y contribuyen a disminuir factores de riesgo asociados a las infecciones posoperatorias, entre ellas la sepsis. \u00abLa sala hoy con otra visi\u00f3n se mejoraron las instalaciones hidrosanitarias, los refrigeradores que ten\u00edan problemas. Nuestros m\u00e9dicos, enfermeros y nuestros pacientes hoy tienen un alto \u00edndice de satisfacci\u00f3n porque es m\u00e1s amena indiscutiblemente su estad\u00eda dentro de nuestro servicio.<\/p>\n<p>\u00abPara nosotros como personal de salud tambi\u00e9n el trabajo es m\u00e1s c\u00f3modo. Vemos los resultados en nuestros servicios que son mejores. El \u00edndice de sepsis disminuye porque estos pacientes que est\u00e1n en el postoperatorio con un cub\u00edculo climatizado disminuye el \u00edndice de sepsis. Es una sala m\u00e1s higi\u00e9nica, m\u00e1s limpia. Y eso va a favor de nuestra cirug\u00eda, a favor de la evoluci\u00f3n de nuestros pacientes\u00bb.<\/p>\n<p><iframe src=\"https:\/\/www.ivoox.com\/player_ej_179775333_6_1.html?c1=84140c\" width=\"100%\" height=\"200\" frameborder=\"0\" scrolling=\"no\" allowfullscreen=\"allowfullscreen\"><\/iframe><\/p>\n","protected":false},"excerpt":{"rendered":"<p>Dos cub\u00edculos destinados a la estancia postoperatoria de pacientes del servicio de neurocirug\u00eda fueron reparados recientemente en el Hospital Provincial Camilo Cienfuegos, de Sancti Sp\u00edritus, con el aporte de varias empresas del Ministerio de Industrias.<\/p>\n","protected":false},"author":29,"featured_media":78239,"comment_status":"open","ping_status":"open","sticky":false,"template":"","format":"standard","meta":{"_acf_changed":false,"footnotes":""},"categories":[8,9,5,1],"tags":[1662,228,24],"coauthors":[1856],"class_list":["post-78996","post","type-post","status-publish","format-standard","has-post-thumbnail","hentry","category-noticia","category-en-audio","category-salud","category-sancti-spiritus","tag-hospital-general-camilo-cienfuegos","tag-neurocirugia","tag-salud"],"acf":[],"_links":{"self":[{"href":"https:\/\/www.radiosanctispiritus.cu\/es\/wp-json\/wp\/v2\/posts\/78996","targetHints":{"allow":["GET"]}}],"collection":[{"href":"https:\/\/www.radiosanctispiritus.cu\/es\/wp-json\/wp\/v2\/posts"}],"about":[{"href":"https:\/\/www.radiosanctispiritus.cu\/es\/wp-json\/wp\/v2\/types\/post"}],"author":[{"embeddable":true,"href":"https:\/\/www.radiosanctispiritus.cu\/es\/wp-json\/wp\/v2\/users\/29"}],"replies":[{"embeddable":true,"href":"https:\/\/www.radiosanctispiritus.cu\/es\/wp-json\/wp\/v2\/comments?post=78996"}],"version-history":[{"count":2,"href":"https:\/\/www.radiosanctispiritus.cu\/es\/wp-json\/wp\/v2\/posts\/78996\/revisions"}],"predecessor-version":[{"id":79009,"href":"https:\/\/www.radiosanctispiritus.cu\/es\/wp-json\/wp\/v2\/posts\/78996\/revisions\/79009"}],"wp:featuredmedia":[{"embeddable":true,"href":"https:\/\/www.radiosanctispiritus.cu\/es\/wp-json\/wp\/v2\/media\/78239"}],"wp:attachment":[{"href":"https:\/\/www.radiosanctispiritus.cu\/es\/wp-json\/wp\/v2\/media?parent=78996"}],"wp:term":[{"taxonomy":"category","embeddable":true,"href":"https:\/\/www.radiosanctispiritus.cu\/es\/wp-json\/wp\/v2\/categories?post=78996"},{"taxonomy":"post_tag","embeddable":true,"href":"https:\/\/www.radiosanctispiritus.cu\/es\/wp-json\/wp\/v2\/tags?post=78996"},{"taxonomy":"author","embeddable":true,"href":"https:\/\/www.radiosanctispiritus.cu\/es\/wp-json\/wp\/v2\/coauthors?post=78996"}],"curies":[{"name":"wp","href":"https:\/\/api.w.org\/{rel}","templated":true}]}}