{"id":78987,"date":"2026-08-31T15:50:14","date_gmt":"2026-08-31T19:50:14","guid":{"rendered":"https:\/\/www.radiosanctispiritus.cu\/es\/?p=78987"},"modified":"2026-08-31T15:50:14","modified_gmt":"2026-08-31T19:50:14","slug":"todo-el-rigor-de-la-ley-para-quienes-atenten-contra-el-sistema-electrico-nacional","status":"publish","type":"post","link":"https:\/\/www.radiosanctispiritus.cu\/es\/todo-el-rigor-de-la-ley-para-quienes-atenten-contra-el-sistema-electrico-nacional\/","title":{"rendered":"Todo el rigor de la ley para quienes atenten contra el Sistema El\u00e9ctrico Nacional"},"content":{"rendered":"<p>Cuando la guerra econ\u00f3mica y la pol\u00edtica de m\u00e1xima presi\u00f3n del Gobierno de los Estados Unidos pretenden quebrar la capacidad de resistencia de nuestro pueblo y generarle todo tipo de sufrimiento, con un cerco energ\u00e9tico que provoca desabastecimiento de combustibles e incrementa las contingencias en <strong>el Sistema El\u00e9ctrico Nacional (SEN), los \u00f3rganos, organismos y dem\u00e1s instituciones del Estado y Gobierno cubanos realizan significativos esfuerzos para garantizar la econom\u00eda y los servicios vitales a la poblaci\u00f3n,<\/strong> en condiciones muy complejas.<\/p>\n<p>En este contexto, <strong>constituye una prioridad el enfrentamiento al delito, con especial atenci\u00f3n a los que afectan la generaci\u00f3n y distribuci\u00f3n el\u00e9ctrica,<\/strong> junto al abasto de agua, las comunicaciones, el transporte y otros sectores, por su impacto en las condiciones de vida de los ciudadanos, en la econom\u00eda, la seguridad nacional y el orden interior.<\/p>\n<blockquote><p>El C\u00f3digo Penal cubano, en sus art\u00edculos 125 y 126, establece sanciones entre 7 y 30 a\u00f1os de privaci\u00f3n de libertad, privaci\u00f3n perpetua de libertad o muerte para el delito de Sabotaje.<\/p><\/blockquote>\n<p>En correspondencia con todo lo anterior, desde mayo de 2025 el Tribunal Supremo Popular acord\u00f3 que <strong>constituyen el delito de Sabotaje los hechos vand\u00e1licos en virtud de los cuales sus comisores sustraen, da\u00f1an, alteren o perjudiquen entidades, componentes, partes y piezas destinados al sistema electroenerg\u00e9tico<\/strong>, adem\u00e1s de otros actos delictivos de similar naturaleza que menoscaban infraestructuras cr\u00edticas, vitales para el desarrollo econ\u00f3mico y social del pa\u00eds, los que generan un clima de inseguridad y malestar en la poblaci\u00f3n y contravienen los esfuerzos realizados por el Estado y el Gobierno en este sentido.<\/p>\n<p>Como resultado del enfrentamiento a los delitos contra el SEN, <strong>se han iniciado m\u00e1s de 460 investigaciones penales en el pa\u00eds entre 2025 y el primer semestre de 2026, principalmente por Sabotaje, Da\u00f1os, Robo con Fuerza en las Cosas, Hurto y Receptaci\u00f3n.<\/strong><\/p>\n<blockquote><p>Predomina en estos hechos la sustracci\u00f3n de aceite diel\u00e9ctrico de diferentes tipos de transformadores, de angulares en torres de alta tensi\u00f3n, el corte y robo de cables, alambres y tornillos de la red de distribuci\u00f3n el\u00e9ctrica y afectaciones en Parques Solares Fotovoltaicos.<\/p><\/blockquote>\n<p>Particularmente, <strong>la sustracci\u00f3n de aceite diel\u00e9ctrico de transformadores registr\u00f3 m\u00e1s de 300 denuncias en este periodo en todas las provincias<\/strong>, con mayor incidencia en Matanzas, Ciego de \u00c1vila, Mayabeque, Santiago de Cuba y Artemisa.<\/p>\n<p>Entre las afectaciones provocadas est\u00e1n el impacto a miles de familias por tiempo prolongado, no solo al privarlos de electricidad, sino tambi\u00e9n de otros servicios vitales; la paralizaci\u00f3n de centros productivos fundamentales para el abastecimiento de alimentos, agua y las comunicaciones; da\u00f1os a entidades de producci\u00f3n agropecuaria y la imposibilidad de recuperar una parte de los transformadores da\u00f1ados.<\/p>\n<p>Lamentablemente, en la comisi\u00f3n de algunos de estos hechos han perdido la vida sus autores mientras intentaban la sustracci\u00f3n, al estar energizadas las l\u00edneas.<\/p>\n<p>En las investigaciones realizadas por los \u00f3rganos especializados del Ministerio del Interior se ha podido establecer que estas actividades il\u00edcitas <strong>se cometen principalmente en lugares de escaso tr\u00e1nsito, poca iluminaci\u00f3n y falta de protecci\u00f3n.<\/strong> Como destino del aceite sustra\u00eddo se han determinado casos de comercializaci\u00f3n en el mercado informal para su uso como combustibles.<\/p>\n<blockquote><p>La Fiscal\u00eda General de la Rep\u00fablica mantiene el rigor en el control de la investigaci\u00f3n a los procesos penales iniciados por estos il\u00edcitos, ha impuesto la medida cautelar de prisi\u00f3n provisional al 87% de los imputados presentados y solicitado sanciones severas, con el empleo de la calificaci\u00f3n por delito de Sabotaje, atendiendo a la gravedad de los hechos, la afectaci\u00f3n a la poblaci\u00f3n y los da\u00f1os ocasionados.<\/p><\/blockquote>\n<p>Pueden ser objeto de decomiso o confiscaci\u00f3n los bienes utilizados o provenientes del delito como veh\u00edculos, maquinaria agr\u00edcola y otros.<\/p>\n<p>Todas las personas juzgadas en 2026 por hechos il\u00edcitos relacionados con el SEN han sido sancionadas por el delito de Sabotaje, con penas mayoritariamente entre 9 y 20 a\u00f1os de privaci\u00f3n de libertad, lo que demuestra tambi\u00e9n el rigor en la actuaci\u00f3n de los Tribunales de Justicia.<\/p>\n<p>Actos nocivos como los expuestos agravan la dif\u00edcil situaci\u00f3n energ\u00e9tica del pa\u00eds y afectan el esfuerzo que realizan el Estado y el Gobierno para revertirla. A la vez, nos convocan a continuar incrementando las acciones preventivas y de enfrentamiento, el control riguroso de lo establecido, a elevar la vigilancia por las entidades, las organizaciones y la poblaci\u00f3n en cada comunidad.<\/p>\n<p>Siendo consecuentes con nuestra misi\u00f3n de defender la legalidad socialista, y en cumplimiento estricto de la Constituci\u00f3n y las leyes, reafirmamos que <strong>no habr\u00e1 impunidad para quienes, en estas complejas circunstancias, afecten el bienestar de nuestro pueblo.\u00a0<\/strong><\/p>\n<p><strong>(Con informaci\u00f3n de La Fiscal\u00eda General de la Rep\u00fablica)<\/strong><\/p>\n","protected":false},"excerpt":{"rendered":"<p>Constituye una prioridad el enfrentamiento al delito, con especial atenci\u00f3n a los que afectan la generaci\u00f3n y distribuci\u00f3n el\u00e9ctrica, junto al abasto de agua, las comunicaciones, el transporte y otros sectores.<\/p>\n","protected":false},"author":26,"featured_media":78988,"comment_status":"open","ping_status":"open","sticky":false,"template":"","format":"standard","meta":{"_acf_changed":false,"footnotes":""},"categories":[8,3],"tags":[],"coauthors":[1887],"class_list":["post-78987","post","type-post","status-publish","format-standard","has-post-thumbnail","hentry","category-noticia","category-cuba"],"acf":[],"_links":{"self":[{"href":"https:\/\/www.radiosanctispiritus.cu\/es\/wp-json\/wp\/v2\/posts\/78987","targetHints":{"allow":["GET"]}}],"collection":[{"href":"https:\/\/www.radiosanctispiritus.cu\/es\/wp-json\/wp\/v2\/posts"}],"about":[{"href":"https:\/\/www.radiosanctispiritus.cu\/es\/wp-json\/wp\/v2\/types\/post"}],"author":[{"embeddable":true,"href":"https:\/\/www.radiosanctispiritus.cu\/es\/wp-json\/wp\/v2\/users\/26"}],"replies":[{"embeddable":true,"href":"https:\/\/www.radiosanctispiritus.cu\/es\/wp-json\/wp\/v2\/comments?post=78987"}],"version-history":[{"count":1,"href":"https:\/\/www.radiosanctispiritus.cu\/es\/wp-json\/wp\/v2\/posts\/78987\/revisions"}],"predecessor-version":[{"id":78989,"href":"https:\/\/www.radiosanctispiritus.cu\/es\/wp-json\/wp\/v2\/posts\/78987\/revisions\/78989"}],"wp:featuredmedia":[{"embeddable":true,"href":"https:\/\/www.radiosanctispiritus.cu\/es\/wp-json\/wp\/v2\/media\/78988"}],"wp:attachment":[{"href":"https:\/\/www.radiosanctispiritus.cu\/es\/wp-json\/wp\/v2\/media?parent=78987"}],"wp:term":[{"taxonomy":"category","embeddable":true,"href":"https:\/\/www.radiosanctispiritus.cu\/es\/wp-json\/wp\/v2\/categories?post=78987"},{"taxonomy":"post_tag","embeddable":true,"href":"https:\/\/www.radiosanctispiritus.cu\/es\/wp-json\/wp\/v2\/tags?post=78987"},{"taxonomy":"author","embeddable":true,"href":"https:\/\/www.radiosanctispiritus.cu\/es\/wp-json\/wp\/v2\/coauthors?post=78987"}],"curies":[{"name":"wp","href":"https:\/\/api.w.org\/{rel}","templated":true}]}}