{"id":78972,"date":"2026-09-01T04:57:43","date_gmt":"2026-09-01T08:57:43","guid":{"rendered":"https:\/\/www.radiosanctispiritus.cu\/es\/?p=78972"},"modified":"2026-08-31T15:53:34","modified_gmt":"2026-08-31T19:53:34","slug":"transporte-espirituano-respalda-movilidad-de-estudiantes-y-profesores","status":"publish","type":"post","link":"https:\/\/www.radiosanctispiritus.cu\/es\/transporte-espirituano-respalda-movilidad-de-estudiantes-y-profesores\/","title":{"rendered":"Transporte espirituano respalda movilidad de estudiantes y profesores"},"content":{"rendered":"<p>Con el inicio del curso escolar, la Direcci\u00f3n Provincial de Transporte en Sancti Sp\u00edritus trasladar\u00e1 estudiantes y profesores hacia sus centros docentes, aunque con limitaciones dada la crisis de combustible.<\/p>\n<p>El director provincial de esa entidad, Carlos Hern\u00e1ndez Roque, explica c\u00f3mo se ha reorganizado la movilidad. \u00abSe han organizado las transportaciones de los estudiantes de las escuelas provinciales, la escuela pedag\u00f3gica, el IPVCE, la EIDE, la Escuela de M\u00fasica y los Camilitos, entre los \u00f3mnibus de la Empresa Provincial y \u00f3mnibus de Transporte Escolares desde cada cabecera municipal o desde algunas comunidades que se justifiquen se trazaron rutas hacia la cabecera provincial y entonces en coordinaci\u00f3n con los directores de transporte de los municipios se organiz\u00f3 el traslado de los estudiantes hacia los lugares por donde van a pasar los medios.<\/p>\n<p>\u00abAsimismo, se organiz\u00f3 la transportaci\u00f3n de los estudiantes universitarios de la Universidad de Sancti Sp\u00edritus y la Universidad de Ciencias M\u00e9dicas, desde la cabecera municipal hasta la cabecera provincial\u00bb.<\/p>\n<p>La estrategia incluye igualmente la transportaci\u00f3n de los docentes, atendiendo las demandas de la direcci\u00f3n de Educaci\u00f3n. \u00abEn este caso lo va a realizar Transporte Escolar, a partir de la petici\u00f3n de las demandas que realiza la Direcci\u00f3n de Educaci\u00f3n, tanto de los profesores del IPVCE y de la Escuela Pedag\u00f3gica, y tambi\u00e9n esta semana se va a realizar la transportaci\u00f3n de profesores desde Cabaigu\u00e1n para la Universidad de Sancti Sp\u00edritu, as\u00ed como dos rutas que tenemos de profesores hacia Pojabo y Tunas de Zaza. Tendr\u00e1n dos frecuencias a la semana y son para distribuir profesores y maestros de la ense\u00f1anza media\u00bb.<\/p>\n<p>El directivo agrega que otro aspecto clave son los pases de los estudiantes becados que se han estructurado con un programa definido. \u00abLos pases de los estudiantes de la ense\u00f1anza media son cada 15 d\u00edas. La Universidad de Santo Esp\u00edritu por facultades. Esta semana vino una facultad. La semana que viene, otra facultad, van a ir rotando as\u00ed la cantidad de estudiantes y en el caso de la Universidad de Ciencias M\u00e9dicas lo van a hacer por concentrados.<\/p>\n<p>\u00abAqu\u00ed est\u00e1n en Sancti Sp\u00edritu los estudiantes de primero y segundo a\u00f1o de algunos municipios, los de a\u00f1o terminal y tambi\u00e9n lo ir\u00e1n haciendo por m\u00f3dulos y una rotaci\u00f3n que ellos tendr\u00e1n en correspondencia con el programa docente de cada universidad\u00bb.<\/p>\n<p>Hern\u00e1ndez Roque confirma que ya todos los alumnos internos de la provincia se encuentran en sus escuelas seg\u00fan el cronograma de entrada para esta etapa. \u00abYa en este momento acaban de entrar todos los estudiantes de la ense\u00f1anza universitaria y de la ense\u00f1anza media\u00bb.<\/p>\n<p>El sector de transporte en Sancti Sp\u00edritus asegura la movilidad de estudiantes y profesores con un plan ajustado a las condiciones actuales y en coordinaci\u00f3n con las instituciones educativas.<\/p>\n<p><iframe src=\"https:\/\/www.ivoox.com\/player_ej_179773493_6_1.html?c1=84140c\" width=\"100%\" height=\"200\" frameborder=\"0\" scrolling=\"no\" allowfullscreen=\"allowfullscreen\"><\/iframe><\/p>\n","protected":false},"excerpt":{"rendered":"<p>Con el inicio del curso escolar, la Direcci\u00f3n Provincial de Transporte en Sancti Sp\u00edritus trasladar\u00e1 estudiantes y profesores hacia sus centros docentes, aunque con limitaciones dada la crisis de combustible.<\/p>\n","protected":false},"author":166,"featured_media":78986,"comment_status":"open","ping_status":"open","sticky":false,"template":"","format":"standard","meta":{"_acf_changed":false,"footnotes":""},"categories":[8,14,9,1],"tags":[144,1999],"coauthors":[1901],"class_list":["post-78972","post","type-post","status-publish","format-standard","has-post-thumbnail","hentry","category-noticia","category-educacion","category-en-audio","category-sancti-spiritus","tag-transporte","tag-transporte-escolar"],"acf":[],"_links":{"self":[{"href":"https:\/\/www.radiosanctispiritus.cu\/es\/wp-json\/wp\/v2\/posts\/78972","targetHints":{"allow":["GET"]}}],"collection":[{"href":"https:\/\/www.radiosanctispiritus.cu\/es\/wp-json\/wp\/v2\/posts"}],"about":[{"href":"https:\/\/www.radiosanctispiritus.cu\/es\/wp-json\/wp\/v2\/types\/post"}],"author":[{"embeddable":true,"href":"https:\/\/www.radiosanctispiritus.cu\/es\/wp-json\/wp\/v2\/users\/166"}],"replies":[{"embeddable":true,"href":"https:\/\/www.radiosanctispiritus.cu\/es\/wp-json\/wp\/v2\/comments?post=78972"}],"version-history":[{"count":5,"href":"https:\/\/www.radiosanctispiritus.cu\/es\/wp-json\/wp\/v2\/posts\/78972\/revisions"}],"predecessor-version":[{"id":78979,"href":"https:\/\/www.radiosanctispiritus.cu\/es\/wp-json\/wp\/v2\/posts\/78972\/revisions\/78979"}],"wp:featuredmedia":[{"embeddable":true,"href":"https:\/\/www.radiosanctispiritus.cu\/es\/wp-json\/wp\/v2\/media\/78986"}],"wp:attachment":[{"href":"https:\/\/www.radiosanctispiritus.cu\/es\/wp-json\/wp\/v2\/media?parent=78972"}],"wp:term":[{"taxonomy":"category","embeddable":true,"href":"https:\/\/www.radiosanctispiritus.cu\/es\/wp-json\/wp\/v2\/categories?post=78972"},{"taxonomy":"post_tag","embeddable":true,"href":"https:\/\/www.radiosanctispiritus.cu\/es\/wp-json\/wp\/v2\/tags?post=78972"},{"taxonomy":"author","embeddable":true,"href":"https:\/\/www.radiosanctispiritus.cu\/es\/wp-json\/wp\/v2\/coauthors?post=78972"}],"curies":[{"name":"wp","href":"https:\/\/api.w.org\/{rel}","templated":true}]}}