{"id":78959,"date":"2026-08-31T15:24:59","date_gmt":"2026-08-31T19:24:59","guid":{"rendered":"https:\/\/www.radiosanctispiritus.cu\/es\/?p=78959"},"modified":"2026-08-31T15:24:59","modified_gmt":"2026-08-31T19:24:59","slug":"talleres-de-verano-despidieron-etapa-estival-en-yaguajay","status":"publish","type":"post","link":"https:\/\/www.radiosanctispiritus.cu\/es\/talleres-de-verano-despidieron-etapa-estival-en-yaguajay\/","title":{"rendered":"Talleres de verano despidieron etapa estival en Yaguajay"},"content":{"rendered":"<div class=\"ds-message _63c77b1\">\n<div class=\"ds-markdown ds-assistant-message-main-content\">\n<p class=\"ds-markdown-paragraph\"><span class=\"\">El Encuentro Mujeres Creadoras es una de las iniciativas con que Yaguajay cerr\u00f3 las actividades del verano Con mi Gente 2026, y para la propuesta en la c\u00e9ntrica esquina del artesano se unieron el sector cultural, la Federaci\u00f3n de Mujeres Cubanas, el Centro Universitario Sim\u00f3n Bol\u00edvar con su C\u00e1tedra de G\u00e9nero e Identidad, y un gran n\u00famero de f\u00e9minas que con talento y manos diestras hacen realidad sus aspiraciones de sentirse \u00fatiles cada d\u00eda.<\/span><\/p>\n<p class=\"ds-markdown-paragraph\"><span class=\"\">La ocasi\u00f3n se aprovech\u00f3 para estimular la obra de Juana Diomedes S\u00e1nchez Cabrera, Mellita, con toda una vida dedicada a inculcar en los dem\u00e1s el amor por las artes pl\u00e1sticas, y que ostenta la medalla Ra\u00fal G\u00f3mez Garc\u00eda y premios Memoria Viva y de la Cultura Comunitaria.<\/span><\/p>\n<p><iframe src=\"https:\/\/www.ivoox.com\/player_ej_179751457_6_1.html?c1=84140c\" width=\"100%\" height=\"200\" frameborder=\"0\" scrolling=\"no\" allowfullscreen=\"allowfullscreen\"><\/iframe><\/p>\n<\/div>\n<\/div>\n","protected":false},"excerpt":{"rendered":"<p>El Encuentro Mujeres Creadoras es una de las iniciativas con que Yaguajay cerr\u00f3 las actividades del verano Con mi Gente 2026.<\/p>\n","protected":false},"author":165,"featured_media":78968,"comment_status":"open","ping_status":"open","sticky":false,"template":"","format":"standard","meta":{"_acf_changed":false,"footnotes":""},"categories":[8,9],"tags":[],"coauthors":[1881],"class_list":["post-78959","post","type-post","status-publish","format-standard","has-post-thumbnail","hentry","category-noticia","category-en-audio"],"acf":[],"_links":{"self":[{"href":"https:\/\/www.radiosanctispiritus.cu\/es\/wp-json\/wp\/v2\/posts\/78959","targetHints":{"allow":["GET"]}}],"collection":[{"href":"https:\/\/www.radiosanctispiritus.cu\/es\/wp-json\/wp\/v2\/posts"}],"about":[{"href":"https:\/\/www.radiosanctispiritus.cu\/es\/wp-json\/wp\/v2\/types\/post"}],"author":[{"embeddable":true,"href":"https:\/\/www.radiosanctispiritus.cu\/es\/wp-json\/wp\/v2\/users\/165"}],"replies":[{"embeddable":true,"href":"https:\/\/www.radiosanctispiritus.cu\/es\/wp-json\/wp\/v2\/comments?post=78959"}],"version-history":[{"count":1,"href":"https:\/\/www.radiosanctispiritus.cu\/es\/wp-json\/wp\/v2\/posts\/78959\/revisions"}],"predecessor-version":[{"id":78969,"href":"https:\/\/www.radiosanctispiritus.cu\/es\/wp-json\/wp\/v2\/posts\/78959\/revisions\/78969"}],"wp:featuredmedia":[{"embeddable":true,"href":"https:\/\/www.radiosanctispiritus.cu\/es\/wp-json\/wp\/v2\/media\/78968"}],"wp:attachment":[{"href":"https:\/\/www.radiosanctispiritus.cu\/es\/wp-json\/wp\/v2\/media?parent=78959"}],"wp:term":[{"taxonomy":"category","embeddable":true,"href":"https:\/\/www.radiosanctispiritus.cu\/es\/wp-json\/wp\/v2\/categories?post=78959"},{"taxonomy":"post_tag","embeddable":true,"href":"https:\/\/www.radiosanctispiritus.cu\/es\/wp-json\/wp\/v2\/tags?post=78959"},{"taxonomy":"author","embeddable":true,"href":"https:\/\/www.radiosanctispiritus.cu\/es\/wp-json\/wp\/v2\/coauthors?post=78959"}],"curies":[{"name":"wp","href":"https:\/\/api.w.org\/{rel}","templated":true}]}}