{"id":78957,"date":"2026-08-31T16:14:28","date_gmt":"2026-08-31T20:14:28","guid":{"rendered":"https:\/\/www.radiosanctispiritus.cu\/es\/?p=78957"},"modified":"2026-08-31T16:46:40","modified_gmt":"2026-08-31T20:46:40","slug":"inicio-sancti-spiritus-segundo-semestre-de-preparacion-para-la-defensa","status":"publish","type":"post","link":"https:\/\/www.radiosanctispiritus.cu\/es\/inicio-sancti-spiritus-segundo-semestre-de-preparacion-para-la-defensa\/","title":{"rendered":"Inici\u00f3 Sancti Sp\u00edritus segundo semestre de preparaci\u00f3n para la defensa"},"content":{"rendered":"<p>Sancti Sp\u00edritus celebr\u00f3 el acto de inicio del segundo semestre del A\u00f1o de Preparaci\u00f3n para la Defensa de las Fuerzas Armadas Revolucionarias.<\/p>\n<p>La ceremonia, que estuvo encabezada por la miembro del Comit\u00e9 Central del Partido y presidenta del Consejo de Defensa Provincial, Deivy P\u00e9rez Mart\u00edn y el Doctor Alexis Lorente Jim\u00e9nez, vicepresidente de ese \u00f3rgano, reuni\u00f3 a representantes de instituciones, organismos y estructuras vinculadas a esa esfera.<\/p>\n<div id=\"attachment_78980\" style=\"width: 610px\" class=\"wp-caption aligncenter\"><img decoding=\"async\" aria-describedby=\"caption-attachment-78980\" class=\"size-medium wp-image-78980\" src=\"https:\/\/www.radiosanctispiritus.cu\/es\/wp-content\/uploads\/1-67-600x338.jpg\" alt=\"\" width=\"600\" height=\"338\" srcset=\"https:\/\/www.radiosanctispiritus.cu\/es\/wp-content\/uploads\/1-67-600x338.jpg 600w, https:\/\/www.radiosanctispiritus.cu\/es\/wp-content\/uploads\/1-67-768x432.jpg 768w, https:\/\/www.radiosanctispiritus.cu\/es\/wp-content\/uploads\/1-67-960x540.jpg 960w, https:\/\/www.radiosanctispiritus.cu\/es\/wp-content\/uploads\/1-67-605x340.jpg 605w, https:\/\/www.radiosanctispiritus.cu\/es\/wp-content\/uploads\/1-67-290x163.jpg 290w, https:\/\/www.radiosanctispiritus.cu\/es\/wp-content\/uploads\/1-67-460x259.jpg 460w, https:\/\/www.radiosanctispiritus.cu\/es\/wp-content\/uploads\/1-67.jpg 1020w\" sizes=\"(max-width: 600px) 100vw, 600px\" \/><p id=\"caption-attachment-78980\" class=\"wp-caption-text\">Sancti Sp\u00edritus inici\u00f3 el segundo semestre del A\u00f1o de Preparaci\u00f3n para la Defensa con un acto encabezado por las m\u00e1ximas autoridades del Consejo de Defensa Provincial.<\/p><\/div>\n<p>En el encuentro se definieron las prioridades de los pr\u00f3ximos meses, encaminadas a elevar la disposici\u00f3n defensiva territorial, el desempe\u00f1o de los \u00f3rganos de mando y la incorporaci\u00f3n organizada de los habitantes ante situaciones excepcionales.<\/p>\n<div id=\"attachment_78981\" style=\"width: 610px\" class=\"wp-caption aligncenter\"><img decoding=\"async\" aria-describedby=\"caption-attachment-78981\" class=\"size-medium wp-image-78981\" src=\"https:\/\/www.radiosanctispiritus.cu\/es\/wp-content\/uploads\/2-73-600x338.jpg\" alt=\"\" width=\"600\" height=\"338\" srcset=\"https:\/\/www.radiosanctispiritus.cu\/es\/wp-content\/uploads\/2-73-600x338.jpg 600w, https:\/\/www.radiosanctispiritus.cu\/es\/wp-content\/uploads\/2-73-768x432.jpg 768w, https:\/\/www.radiosanctispiritus.cu\/es\/wp-content\/uploads\/2-73-605x340.jpg 605w, https:\/\/www.radiosanctispiritus.cu\/es\/wp-content\/uploads\/2-73-290x163.jpg 290w, https:\/\/www.radiosanctispiritus.cu\/es\/wp-content\/uploads\/2-73-460x259.jpg 460w, https:\/\/www.radiosanctispiritus.cu\/es\/wp-content\/uploads\/2-73.jpg 960w\" sizes=\"(max-width: 600px) 100vw, 600px\" \/><p id=\"caption-attachment-78981\" class=\"wp-caption-text\">Con prioridad en la disposici\u00f3n defensiva territorial, Sancti Sp\u00edritus celebr\u00f3 el acto de inicio del segundo semestre del A\u00f1o de Preparaci\u00f3n para la Defensa.<\/p><\/div>\n<p>El acto tambi\u00e9n reconoci\u00f3 a colectivos y personas con resultados destacados en las tareas vinculadas a la preparaci\u00f3n para la Defensa en la provincia.<\/p>\n","protected":false},"excerpt":{"rendered":"<p>Sancti Sp\u00edritus celebr\u00f3 el acto de inicio del segundo semestre del A\u00f1o de Preparaci\u00f3n para la Defensa de las Fuerzas Armadas Revolucionarias.<\/p>\n","protected":false},"author":18,"featured_media":78983,"comment_status":"open","ping_status":"open","sticky":false,"template":"","format":"standard","meta":{"_acf_changed":false,"footnotes":""},"categories":[9,8,1],"tags":[],"coauthors":[1874],"class_list":["post-78957","post","type-post","status-publish","format-standard","has-post-thumbnail","hentry","category-en-audio","category-noticia","category-sancti-spiritus"],"acf":[],"_links":{"self":[{"href":"https:\/\/www.radiosanctispiritus.cu\/es\/wp-json\/wp\/v2\/posts\/78957","targetHints":{"allow":["GET"]}}],"collection":[{"href":"https:\/\/www.radiosanctispiritus.cu\/es\/wp-json\/wp\/v2\/posts"}],"about":[{"href":"https:\/\/www.radiosanctispiritus.cu\/es\/wp-json\/wp\/v2\/types\/post"}],"author":[{"embeddable":true,"href":"https:\/\/www.radiosanctispiritus.cu\/es\/wp-json\/wp\/v2\/users\/18"}],"replies":[{"embeddable":true,"href":"https:\/\/www.radiosanctispiritus.cu\/es\/wp-json\/wp\/v2\/comments?post=78957"}],"version-history":[{"count":2,"href":"https:\/\/www.radiosanctispiritus.cu\/es\/wp-json\/wp\/v2\/posts\/78957\/revisions"}],"predecessor-version":[{"id":78985,"href":"https:\/\/www.radiosanctispiritus.cu\/es\/wp-json\/wp\/v2\/posts\/78957\/revisions\/78985"}],"wp:featuredmedia":[{"embeddable":true,"href":"https:\/\/www.radiosanctispiritus.cu\/es\/wp-json\/wp\/v2\/media\/78983"}],"wp:attachment":[{"href":"https:\/\/www.radiosanctispiritus.cu\/es\/wp-json\/wp\/v2\/media?parent=78957"}],"wp:term":[{"taxonomy":"category","embeddable":true,"href":"https:\/\/www.radiosanctispiritus.cu\/es\/wp-json\/wp\/v2\/categories?post=78957"},{"taxonomy":"post_tag","embeddable":true,"href":"https:\/\/www.radiosanctispiritus.cu\/es\/wp-json\/wp\/v2\/tags?post=78957"},{"taxonomy":"author","embeddable":true,"href":"https:\/\/www.radiosanctispiritus.cu\/es\/wp-json\/wp\/v2\/coauthors?post=78957"}],"curies":[{"name":"wp","href":"https:\/\/api.w.org\/{rel}","templated":true}]}}