{"id":78953,"date":"2026-08-31T16:10:57","date_gmt":"2026-08-31T20:10:57","guid":{"rendered":"https:\/\/www.radiosanctispiritus.cu\/es\/?p=78953"},"modified":"2026-08-31T16:45:59","modified_gmt":"2026-08-31T20:45:59","slug":"feria-del-libro-confirmo-que-todavia-hay-sed-de-literatura","status":"publish","type":"post","link":"https:\/\/www.radiosanctispiritus.cu\/es\/feria-del-libro-confirmo-que-todavia-hay-sed-de-literatura\/","title":{"rendered":"Feria del Libro confirm\u00f3 que todav\u00eda hay sed de literatura"},"content":{"rendered":"<p>Entre tantas urgencias de este pa\u00eds casi asfixiado, realizar una feria del libro solo es posible porque a\u00fan esta naci\u00f3n tiene al ser humano en el epicentro de su accionar.<\/p>\n<p>Incluso en tiempos en que se buscan todo tipo de alternativas para aligerar las pesadas cargas del diarismo, las personas no solo pasaron por los anaqueles, sino que indagaron por textos y autores, compraron. Cuestionaron la escasez de t\u00edtulos y ejemplares. A\u00f1oran cuando eran una semana. Mientras que ese esp\u00edritu se mantenga en el imaginario colectivo, habr\u00e1 que darlo todo y volver una y otra vez al mayor suceso cultural.<\/p>\n<p>Lo demostr\u00f3 este 2026 cuando muchos daban por seguro su no realizaci\u00f3n. Lleg\u00f3 la noticia y se vivi\u00f3 en esta tierra. Y solo fue posible gracias a los muchos esfuerzos, porque como bien afirm\u00f3 el escritor santiaguero Oscar Cruz, esta 34 edici\u00f3n es m\u00e1s hija de la voluntad que de las circunstancias. Lo experiment\u00f3 en carne propia el comit\u00e9 organizador del cap\u00edtulo espirituano de la cita.<\/p>\n<p>Dise\u00f1\u00f3 un programa abarcador, ambicioso, retador. Durante dos d\u00edas y al un\u00edsono. Pr\u00e1cticamente, las principales instituciones del sector cultural de la URB del Yayabo fueron testigos de diferentes acciones, paneles, presentaciones de textos, lectura, inauguraci\u00f3n de exposiciones, derroche de teatro, danza y m\u00fasica.<\/p>\n<p>Cada p\u00fablico pudo elegir a d\u00f3nde ir seg\u00fan sus gustos y prioridades, mas volvi\u00f3 a confirmarse que se mantiene como tal\u00f3n de Aquiles la no asistencia de muchas personas a los espacios. Lamentablemente se perdieron propuestas como la de Dador Teatro llegado desde Trinidad, los espect\u00e1culos de las unidades art\u00edsticas infantiles o la conferencia sobre la presencia del rock aqu\u00ed, una historia no contada.<\/p>\n<p>Son algunas de las opciones que en las \u00faltimas horas rompieron la quietud de la urbe del Yayabo, disiparon adem\u00e1s los escu\u00e1lidos stamps y lograron que se sintieran los aires de una fiesta mucho m\u00e1s que literaria.<\/p>\n<p>Que cada a\u00f1o haya menos libros no sorprende.<br \/>\nEl desorbitante precio del papel en el mercado internacional, los largos periodos de apagones, la obsolescencia de las tecnolog\u00edas son algunas de las causas por las que por largos periodos de tiempo los colchones editoriales no disminuyen.<\/p>\n<p>La versi\u00f3n digital de los textos ha contribuido a aliviar las largas esperas por publicar de investigadores y escritores. palpar, sentir el olor a tinta. Y aunque s\u00ed, casi fue una feria de libros sin t\u00edtulos. Se logr\u00f3 tener aqu\u00ed novedades editoriales que pueden convertirse en textos de cabecera como Central Patria de Ronel Gonz\u00e1lez, Incursi\u00f3n Hist\u00f3rica en el Espa\u00f1ol de Cuba de Pedro de Jes\u00fas L\u00f3pez, Esteban, \u00a0No lo Sab\u00eda de Yolanda Felicita Rodr\u00edguez y El Ni\u00f1o Aquel de Senel Paz.<\/p>\n<p>Otras fortalezas y que deber\u00e1n permanecer para el resto de la historia de la cita editorial son los pagos mediante las plataformas digitales la Feria de Intercambios, espacio mensual en la sede del Comit\u00e9 Provincial de la Uni\u00f3n de Escritores y Artistas de Cuba y la fusi\u00f3n de la literatura con otras manifestaciones art\u00edsticas.<\/p>\n<p>Cuando la pintura se hizo poemas de Yudith Vidal Faife y Catarsis, de L\u00e1zaro Bonachea, Gerardo Reina y Daniel Gonz\u00e1lez, exposiciones colgadas en la Galer\u00eda Oscar Fern\u00e1ndez Morera y Casa del Teatro respectivamente, convidan a realizar lecturas de profundo lirismo.<\/p>\n<p>Similar magia rob\u00f3 el ambiente de la clausura de los invitados de la feria. Se deleitaron con poemas de Manuel Gonz\u00e1lez Busto, a quien se honr\u00f3 junto a Jorge Silveiro, musicalizados por A su Tiempo. L\u00e1stima que el encuentro no se abri\u00f3 a otros p\u00fablicos potenciales.<\/p>\n<p>Como toda obra humana perfectible, vivi\u00f3 Sancti Sp\u00edritus la Feria Internacional del Libro 2026 en su \u00e1rea hist\u00f3rica y de mejor confluencia, el Parque Seraf\u00edn S\u00e1nchez Valdivia.<\/p>\n<p>Entre sus muchos saldos positivos, confirm\u00f3 que todav\u00eda hay sed de literatura. Por tanto, corresponde mientras perdure que las voluntades se aferren a cuanto ardit funcione en el contexto. Y mucho m\u00e1s cuando en tiempos agobiantes. Se precisa m\u00e1s que un plato de comida y agua para sobrevivir.<br \/>\n<iframe src=\"https:\/\/www.ivoox.com\/player_ej_179771058_6_1.html\" width=\"100%\" height=\"200\" frameborder=\"0\" scrolling=\"no\" allowfullscreen=\"allowfullscreen\"><\/iframe><\/p>\n","protected":false},"excerpt":{"rendered":"<p>Entre tantas urgencias de este pa\u00eds casi asfixiado, realizar una feria del libro solo es posible porque a\u00fan esta naci\u00f3n tiene al ser humano en el epicentro de su accionar.<\/p>\n","protected":false},"author":12,"featured_media":78967,"comment_status":"open","ping_status":"open","sticky":false,"template":"","format":"standard","meta":{"_acf_changed":false,"footnotes":""},"categories":[6,9,1],"tags":[],"coauthors":[1864],"class_list":["post-78953","post","type-post","status-publish","format-standard","has-post-thumbnail","hentry","category-cultura","category-en-audio","category-sancti-spiritus"],"acf":[],"_links":{"self":[{"href":"https:\/\/www.radiosanctispiritus.cu\/es\/wp-json\/wp\/v2\/posts\/78953","targetHints":{"allow":["GET"]}}],"collection":[{"href":"https:\/\/www.radiosanctispiritus.cu\/es\/wp-json\/wp\/v2\/posts"}],"about":[{"href":"https:\/\/www.radiosanctispiritus.cu\/es\/wp-json\/wp\/v2\/types\/post"}],"author":[{"embeddable":true,"href":"https:\/\/www.radiosanctispiritus.cu\/es\/wp-json\/wp\/v2\/users\/12"}],"replies":[{"embeddable":true,"href":"https:\/\/www.radiosanctispiritus.cu\/es\/wp-json\/wp\/v2\/comments?post=78953"}],"version-history":[{"count":3,"href":"https:\/\/www.radiosanctispiritus.cu\/es\/wp-json\/wp\/v2\/posts\/78953\/revisions"}],"predecessor-version":[{"id":78971,"href":"https:\/\/www.radiosanctispiritus.cu\/es\/wp-json\/wp\/v2\/posts\/78953\/revisions\/78971"}],"wp:featuredmedia":[{"embeddable":true,"href":"https:\/\/www.radiosanctispiritus.cu\/es\/wp-json\/wp\/v2\/media\/78967"}],"wp:attachment":[{"href":"https:\/\/www.radiosanctispiritus.cu\/es\/wp-json\/wp\/v2\/media?parent=78953"}],"wp:term":[{"taxonomy":"category","embeddable":true,"href":"https:\/\/www.radiosanctispiritus.cu\/es\/wp-json\/wp\/v2\/categories?post=78953"},{"taxonomy":"post_tag","embeddable":true,"href":"https:\/\/www.radiosanctispiritus.cu\/es\/wp-json\/wp\/v2\/tags?post=78953"},{"taxonomy":"author","embeddable":true,"href":"https:\/\/www.radiosanctispiritus.cu\/es\/wp-json\/wp\/v2\/coauthors?post=78953"}],"curies":[{"name":"wp","href":"https:\/\/api.w.org\/{rel}","templated":true}]}}