{"id":78952,"date":"2026-08-31T18:05:45","date_gmt":"2026-08-31T22:05:45","guid":{"rendered":"https:\/\/www.radiosanctispiritus.cu\/es\/?p=78952"},"modified":"2026-08-31T15:19:43","modified_gmt":"2026-08-31T19:19:43","slug":"eide-lino-salabarria-un-nuevo-curso-bajo-nuevas-concepciones","status":"publish","type":"post","link":"https:\/\/www.radiosanctispiritus.cu\/es\/eide-lino-salabarria-un-nuevo-curso-bajo-nuevas-concepciones\/","title":{"rendered":"EIDE Lino Salabarr\u00eda: un nuevo curso bajo nuevas concepciones"},"content":{"rendered":"<p>Con cambios significativos iniciar\u00e1 este primero de septiembre el curso escolar 2026-2027 en el sistema deportivo del pa\u00eds, en medio de un contexto marcado por las complejas circunstancias que vive Cuba.<\/p>\n<p>As\u00ed, la principal instituci\u00f3n de alto rendimiento de la provincia, la EIDE Lino Salabarr\u00eda Pupo, abrir\u00e1 sus puertas a cerca de 700 estudiantes de las tres ense\u00f1anzas fundamentales, bajo nuevos conceptos de matr\u00edcula y una reducci\u00f3n importante de los alumnos internos, que ahora rondan los 100, cuando en los \u00faltimos a\u00f1os sumaron alrededor de 300.<\/p>\n<p>De acuerdo con \u00c1ngel Vidal, subdirector de Actividades Deportivas de la Direcci\u00f3n General de Deportes, con la aprobaci\u00f3n del pa\u00eds, el Inder defini\u00f3 para la matr\u00edcula de estas escuelas solo siete deportes estrat\u00e9gicos del denominado primer nivel: atletismo, boxeo, canotaje, judo, lucha, levantamiento de pesas y taekwondo, y otros tres que cumplen con estrategias particulares: b\u00e9isbol, f\u00fatbol y ajedrez.<\/p>\n<p>\u201cEstos deportes priorizados, sobre todo los siete primeros, son los que mantienen a Cuba en el medallero a nivel internacional y los que van a tributar a las promociones de los centros nacionales. De ah\u00ed que tanto los nuevos ingresos como los continuantes de cualquier parte de la provincia que entrar\u00e1n pertenezcan a esas disciplinas\u201d.<\/p>\n<p>Mientras, por caracter\u00edsticas espec\u00edficas del territorio, los restantes deportes se mantendr\u00e1n en el centro, \u201cpero solo con estudiantes de la ciudad espirituana. Los continuantes retornan a sus municipios de residencia y se incorporan al sistema de ense\u00f1anza general. Es decisi\u00f3n de pa\u00eds, ante la situaci\u00f3n de alimentaci\u00f3n, de transportaci\u00f3n y dem\u00e1s, y se hacen los ajustes necesarios para el traslado de los que quedan de otros territorios para que viajen con los de otras escuelas internas\u201d.<\/p>\n<p>La fuente expuso que con el mismo concepto se desconcentran los atletas de centros nacionales, con una reducci\u00f3n de cerca de 900 que regresar\u00e1n a sus provincias bajo el principio de que puedan retornar en un momento dado si mejoran las condiciones del pa\u00eds.<\/p>\n<p>\u201cEs doloroso para algunos, por eso dialogamos con entrenadores, metod\u00f3logos, maestros, funcionarios, porque es un proceso de connotaci\u00f3n pol\u00edtica y hay que explicar que este ni\u00f1o es talento, pero no puede entrar a la EIDE hoy por esas condiciones De todas maneras, quedan en una reserva deportiva y si el d\u00eda de ma\u00f1ana cambia la situaci\u00f3n vuelven a ser matr\u00edcula. Ahora ser\u00e1n atendidos por los entrenadores de base en los municipios, con un tratamiento diferenciado y seguimiento de la provincia\u201d.<\/p>\n<p>Por otra parte, la Escuela para Profesores de Educaci\u00f3n F\u00edsica (EPEF) tambi\u00e9n experimenta cambios en una matr\u00edcula de 237 estudiantes. \u201cLa principal es que los de segundo a\u00f1o har\u00e1n su carrera de pr\u00e1ctica en sus municipios. Al ser del curso de atletas, los que pertenezcan a los diez deportes priorizados se quedan en la escuela recibiendo la docencia y entrenando\u201d, expuso su director Nelson D\u00edaz Zulueta.<\/p>\n<p>Explic\u00f3 que tanto los 105 que cursar\u00e1n el primer a\u00f1o como los del tercero, que es grado terminal, permanecen en el centro. \u201cEste a\u00f1o tenemos la fortuna de que para el curso regular se incorporan alumnos de los municipios. La sesi\u00f3n docente se reajusta al horario de la ma\u00f1ana para en la tarde recibir la preparaci\u00f3n deportiva\u201d. Las direcciones de la EIDE y de la EPEF informaron, finalmente, que se dispone de los recursos fundamentales para iniciar el curso, as\u00ed como la fuerza docente y deportiva a partir de diferentes alternativas.<\/p>\n","protected":false},"excerpt":{"rendered":"<p>Con cambios significativos iniciar\u00e1 este primero de septiembre el curso escolar 2026-2027 en el sistema deportivo del pa\u00eds, en medio de un contexto marcado por las complejas circunstancias que vive Cuba. As\u00ed, la principal instituci\u00f3n de alto rendimiento de la provincia, la EIDE Lino Salabarr\u00eda Pupo, abrir\u00e1 sus puertas a cerca de 700 estudiantes de [&hellip;]<\/p>\n","protected":false},"author":27,"featured_media":78961,"comment_status":"open","ping_status":"open","sticky":false,"template":"","format":"standard","meta":{"_acf_changed":false,"footnotes":""},"categories":[14,1],"tags":[],"coauthors":[1963],"class_list":["post-78952","post","type-post","status-publish","format-standard","has-post-thumbnail","hentry","category-educacion","category-sancti-spiritus"],"acf":[],"_links":{"self":[{"href":"https:\/\/www.radiosanctispiritus.cu\/es\/wp-json\/wp\/v2\/posts\/78952","targetHints":{"allow":["GET"]}}],"collection":[{"href":"https:\/\/www.radiosanctispiritus.cu\/es\/wp-json\/wp\/v2\/posts"}],"about":[{"href":"https:\/\/www.radiosanctispiritus.cu\/es\/wp-json\/wp\/v2\/types\/post"}],"author":[{"embeddable":true,"href":"https:\/\/www.radiosanctispiritus.cu\/es\/wp-json\/wp\/v2\/users\/27"}],"replies":[{"embeddable":true,"href":"https:\/\/www.radiosanctispiritus.cu\/es\/wp-json\/wp\/v2\/comments?post=78952"}],"version-history":[{"count":3,"href":"https:\/\/www.radiosanctispiritus.cu\/es\/wp-json\/wp\/v2\/posts\/78952\/revisions"}],"predecessor-version":[{"id":78962,"href":"https:\/\/www.radiosanctispiritus.cu\/es\/wp-json\/wp\/v2\/posts\/78952\/revisions\/78962"}],"wp:featuredmedia":[{"embeddable":true,"href":"https:\/\/www.radiosanctispiritus.cu\/es\/wp-json\/wp\/v2\/media\/78961"}],"wp:attachment":[{"href":"https:\/\/www.radiosanctispiritus.cu\/es\/wp-json\/wp\/v2\/media?parent=78952"}],"wp:term":[{"taxonomy":"category","embeddable":true,"href":"https:\/\/www.radiosanctispiritus.cu\/es\/wp-json\/wp\/v2\/categories?post=78952"},{"taxonomy":"post_tag","embeddable":true,"href":"https:\/\/www.radiosanctispiritus.cu\/es\/wp-json\/wp\/v2\/tags?post=78952"},{"taxonomy":"author","embeddable":true,"href":"https:\/\/www.radiosanctispiritus.cu\/es\/wp-json\/wp\/v2\/coauthors?post=78952"}],"curies":[{"name":"wp","href":"https:\/\/api.w.org\/{rel}","templated":true}]}}