{"id":78951,"date":"2026-08-31T18:07:36","date_gmt":"2026-08-31T22:07:36","guid":{"rendered":"https:\/\/www.radiosanctispiritus.cu\/es\/?p=78951"},"modified":"2026-08-31T17:30:09","modified_gmt":"2026-08-31T21:30:09","slug":"conceden-prioridad-a-la-ensenanza-especial-en-yaguajay-para-el-nuevo-curso","status":"publish","type":"post","link":"https:\/\/www.radiosanctispiritus.cu\/es\/conceden-prioridad-a-la-ensenanza-especial-en-yaguajay-para-el-nuevo-curso\/","title":{"rendered":"Conceden prioridad a la ense\u00f1anza especial en Yaguajay para el nuevo curso"},"content":{"rendered":"<p>La ense\u00f1anza especial en Yaguajay constituye una prioridad en el curso escolar 2026-2027, asegur\u00f3 a la radio Dunia F\u00e9lix P\u00e9rez, directora general de educaci\u00f3n, quien confirm\u00f3 que se trabaja en la creaci\u00f3n de las condiciones del Centro M\u00e1rtires de Yaguajay para que los estudiantes puedan comenzar el pr\u00f3ximo d\u00eda 7 de septiembre.<\/p>\n<p>El municipio cuenta con cinco aulas anexas, es decir, son cinco aulas de ense\u00f1anza especial que est\u00e1n en las escuelas primarias. que son los ni\u00f1os que tambi\u00e9n cuentan con estudiantes incluidos, son aquellos ni\u00f1os que tienen un diagn\u00f3stico, pero que la familia decidi\u00f3 dejarlos en la primaria. Y tambi\u00e9n tenemos los estudiantes que est\u00e1n en la escuela especial, que hasta el momento una de las prioridades para el nuevo curso es que los ni\u00f1os de la ense\u00f1anza especial se incorporen al centro.<\/p>\n<p>Y con las condiciones creadas, todas las condiciones, base material de estudio, base material de vida y dem\u00e1s, el centro en las condiciones, la alimentaci\u00f3n. \u00bfCuentan con la fuerza docente especializada para esta ense\u00f1anza? S\u00ed, la ense\u00f1anza s\u00ed, y la escuela especial cuenta inclusive con los especialistas, con su psicopedagogo, con los directivos, con las condiciones creadas, y es un centro que tiene sus condiciones, que tiene su base material de estudio, pero tambi\u00e9n que es muy importante, su base material de vida, que se le garantice en el centro, porque sabemos las condiciones que tienen la mayor\u00eda de estos ni\u00f1os.<br \/>\n<iframe src=\"https:\/\/www.ivoox.com\/player_ej_179769936_6_1.html?c1=84140c\" width=\"100%\" height=\"200\" frameborder=\"0\" scrolling=\"no\" allowfullscreen=\"allowfullscreen\"><\/iframe><\/p>\n","protected":false},"excerpt":{"rendered":"<p>La ense\u00f1anza especial en Yaguajay constituye una prioridad en el curso escolar 2026-2027, asegur\u00f3 a la radio Dunia F\u00e9lix P\u00e9rez, directora general de educaci\u00f3n, quien confirm\u00f3 que se trabaja en la creaci\u00f3n de las condiciones del Centro M\u00e1rtires de Yaguajay para que los estudiantes puedan comenzar el pr\u00f3ximo d\u00eda 7 de septiembre. El municipio cuenta [&hellip;]<\/p>\n","protected":false},"author":140,"featured_media":74025,"comment_status":"open","ping_status":"open","sticky":false,"template":"","format":"standard","meta":{"_acf_changed":false,"footnotes":""},"categories":[9,14],"tags":[],"coauthors":[1880],"class_list":["post-78951","post","type-post","status-publish","format-standard","has-post-thumbnail","hentry","category-en-audio","category-educacion"],"acf":[],"_links":{"self":[{"href":"https:\/\/www.radiosanctispiritus.cu\/es\/wp-json\/wp\/v2\/posts\/78951","targetHints":{"allow":["GET"]}}],"collection":[{"href":"https:\/\/www.radiosanctispiritus.cu\/es\/wp-json\/wp\/v2\/posts"}],"about":[{"href":"https:\/\/www.radiosanctispiritus.cu\/es\/wp-json\/wp\/v2\/types\/post"}],"author":[{"embeddable":true,"href":"https:\/\/www.radiosanctispiritus.cu\/es\/wp-json\/wp\/v2\/users\/140"}],"replies":[{"embeddable":true,"href":"https:\/\/www.radiosanctispiritus.cu\/es\/wp-json\/wp\/v2\/comments?post=78951"}],"version-history":[{"count":1,"href":"https:\/\/www.radiosanctispiritus.cu\/es\/wp-json\/wp\/v2\/posts\/78951\/revisions"}],"predecessor-version":[{"id":78965,"href":"https:\/\/www.radiosanctispiritus.cu\/es\/wp-json\/wp\/v2\/posts\/78951\/revisions\/78965"}],"wp:featuredmedia":[{"embeddable":true,"href":"https:\/\/www.radiosanctispiritus.cu\/es\/wp-json\/wp\/v2\/media\/74025"}],"wp:attachment":[{"href":"https:\/\/www.radiosanctispiritus.cu\/es\/wp-json\/wp\/v2\/media?parent=78951"}],"wp:term":[{"taxonomy":"category","embeddable":true,"href":"https:\/\/www.radiosanctispiritus.cu\/es\/wp-json\/wp\/v2\/categories?post=78951"},{"taxonomy":"post_tag","embeddable":true,"href":"https:\/\/www.radiosanctispiritus.cu\/es\/wp-json\/wp\/v2\/tags?post=78951"},{"taxonomy":"author","embeddable":true,"href":"https:\/\/www.radiosanctispiritus.cu\/es\/wp-json\/wp\/v2\/coauthors?post=78951"}],"curies":[{"name":"wp","href":"https:\/\/api.w.org\/{rel}","templated":true}]}}