{"id":78945,"date":"2026-08-31T09:35:05","date_gmt":"2026-08-31T13:35:05","guid":{"rendered":"https:\/\/www.radiosanctispiritus.cu\/es\/?p=78945"},"modified":"2026-08-31T12:23:53","modified_gmt":"2026-08-31T16:23:53","slug":"pronostica-este-lunes-centro-meteorologico-provincial-calor-y-aislados-chubascos","status":"publish","type":"post","link":"https:\/\/www.radiosanctispiritus.cu\/es\/pronostica-este-lunes-centro-meteorologico-provincial-calor-y-aislados-chubascos\/","title":{"rendered":"Pronostican este lunes calor y aislados chubascos"},"content":{"rendered":"<p class=\"ds-markdown-paragraph\"><span class=\"\">La provincia de Sancti Sp\u00edritus vivir\u00e1 este lunes una jornada marcada nuevamente por el intenso calor, con temperaturas m\u00e1ximas que oscilar\u00e1n entre los 34 y 35 grados Celsius, e incluso valores superiores en localidades del interior, seg\u00fan inform\u00f3 el especialista Alain Mart\u00ednez Riverol en el parte meteorol\u00f3gico emitido en la revista informativa <\/span><em><span class=\"\">Como lo Oyes<\/span><\/em><span class=\"\">.<\/span><\/p>\n<p class=\"ds-markdown-paragraph\"><span class=\"\">El reporte indic\u00f3 que durante la pasada jornada se registraron m\u00e1ximas de hasta 35.7 grados en la capital provincial, acompa\u00f1adas de vientos d\u00e9biles y alta humedad, lo que increment\u00f3 la sensaci\u00f3n t\u00e9rmica. Para la zona monta\u00f1osa, los term\u00f3metros descender\u00e1n hasta los 29 o 30 grados, mientras que las m\u00ednimas nocturnas se mantendr\u00e1n entre 26 y 27 grados en la costa y ligeramente inferiores en las alturas.<\/span><\/p>\n<p class=\"ds-markdown-paragraph\"><span class=\"\">En cuanto a las precipitaciones, se prev\u00e9 una reducci\u00f3n significativa, con solo aislados chubascos y alguna tormenta el\u00e9ctrica dispersa durante la tarde, concentradas principalmente en el sur y las regiones monta\u00f1osas. Los vientos ser\u00e1n variables, con calma en la ma\u00f1ana y brisas ligeras que no superar\u00e1n los 15 km\/h, lo que garantizar\u00e1 mar tranquila en ambos litorales.<\/span><\/p>\n<p class=\"ds-markdown-paragraph\"><span class=\"\">Mart\u00ednez Riverol adelant\u00f3 que, a partir del mi\u00e9rcoles y jueves, se espera un aumento de la actividad lluviosa en toda la provincia, asociado a los restos de la tormenta tropical Dolly, que afectar\u00e1 primero la regi\u00f3n oriental y luego el centro y occidente del pa\u00eds.<\/span><\/p>\n<p class=\"ds-markdown-paragraph\"><span class=\"\">Al cierre del informe, las condiciones en la provincia reflejaban una temperatura de 26.9 grados Celsius, humedad relativa del 86 % y vientos en calma.<\/span><\/p>\n","protected":false},"excerpt":{"rendered":"<p>La provincia de Sancti Sp\u00edritus vivir\u00e1 este lunes una jornada marcada nuevamente por el intenso calor, con temperaturas m\u00e1ximas que oscilar\u00e1n entre los 34 y 35 grados Celsius, e incluso valores superiores en localidades del interior, seg\u00fan inform\u00f3 el especialista Alain Mart\u00ednez Riverol en el parte meteorol\u00f3gico emitido en la revista informativa Como lo Oyes. [&hellip;]<\/p>\n","protected":false},"author":4,"featured_media":74086,"comment_status":"open","ping_status":"open","sticky":false,"template":"","format":"standard","meta":{"_acf_changed":false,"footnotes":""},"categories":[8,9,1],"tags":[3136,2994,3042,904,3407],"coauthors":[1883],"class_list":["post-78945","post","type-post","status-publish","format-standard","has-post-thumbnail","hentry","category-noticia","category-en-audio","category-sancti-spiritus","tag-calor-extremo-cuba","tag-centro-meteorologico-provincial","tag-pronostico-del-tiempo-sancti-spiritus","tag-radio-sancti-spiritus","tag-tormenta-tropical-dolly"],"acf":[],"_links":{"self":[{"href":"https:\/\/www.radiosanctispiritus.cu\/es\/wp-json\/wp\/v2\/posts\/78945","targetHints":{"allow":["GET"]}}],"collection":[{"href":"https:\/\/www.radiosanctispiritus.cu\/es\/wp-json\/wp\/v2\/posts"}],"about":[{"href":"https:\/\/www.radiosanctispiritus.cu\/es\/wp-json\/wp\/v2\/types\/post"}],"author":[{"embeddable":true,"href":"https:\/\/www.radiosanctispiritus.cu\/es\/wp-json\/wp\/v2\/users\/4"}],"replies":[{"embeddable":true,"href":"https:\/\/www.radiosanctispiritus.cu\/es\/wp-json\/wp\/v2\/comments?post=78945"}],"version-history":[{"count":2,"href":"https:\/\/www.radiosanctispiritus.cu\/es\/wp-json\/wp\/v2\/posts\/78945\/revisions"}],"predecessor-version":[{"id":78947,"href":"https:\/\/www.radiosanctispiritus.cu\/es\/wp-json\/wp\/v2\/posts\/78945\/revisions\/78947"}],"wp:featuredmedia":[{"embeddable":true,"href":"https:\/\/www.radiosanctispiritus.cu\/es\/wp-json\/wp\/v2\/media\/74086"}],"wp:attachment":[{"href":"https:\/\/www.radiosanctispiritus.cu\/es\/wp-json\/wp\/v2\/media?parent=78945"}],"wp:term":[{"taxonomy":"category","embeddable":true,"href":"https:\/\/www.radiosanctispiritus.cu\/es\/wp-json\/wp\/v2\/categories?post=78945"},{"taxonomy":"post_tag","embeddable":true,"href":"https:\/\/www.radiosanctispiritus.cu\/es\/wp-json\/wp\/v2\/tags?post=78945"},{"taxonomy":"author","embeddable":true,"href":"https:\/\/www.radiosanctispiritus.cu\/es\/wp-json\/wp\/v2\/coauthors?post=78945"}],"curies":[{"name":"wp","href":"https:\/\/api.w.org\/{rel}","templated":true}]}}