{"id":78942,"date":"2026-08-31T09:05:06","date_gmt":"2026-08-31T13:05:06","guid":{"rendered":"https:\/\/www.radiosanctispiritus.cu\/es\/?p=78942"},"modified":"2026-08-31T10:43:20","modified_gmt":"2026-08-31T14:43:20","slug":"pronostica-empresa-electrica-lunes-critico-para-el-servicio-en-sancti-spiritus","status":"publish","type":"post","link":"https:\/\/www.radiosanctispiritus.cu\/es\/pronostica-empresa-electrica-lunes-critico-para-el-servicio-en-sancti-spiritus\/","title":{"rendered":"Pronostica empresa el\u00e9ctrica lunes cr\u00edtico para el servicio en Sancti Sp\u00edritus"},"content":{"rendered":"<p class=\"ds-markdown-paragraph\"><span class=\"\">La Empresa El\u00e9ctrica Provincial inform\u00f3 que durante la jornada de este lunes se mantienen elevados \u00edndices de afectaci\u00f3n en el servicio el\u00e9ctrico en Sancti Sp\u00edritus, como parte de una situaci\u00f3n compleja que se extiende a nivel nacional.<br \/>\n<iframe src=\"https:\/\/www.ivoox.com\/player_ej_179761697_6_1.html?c1=ce5c00\" width=\"100%\" height=\"200\" frameborder=\"0\" scrolling=\"no\" allowfullscreen=\"allowfullscreen\"><\/iframe><\/span><\/p>\n<p class=\"ds-markdown-paragraph\"><span class=\"\">Seg\u00fan la vocera Anabel Lage, en el horario diurno se estima una afectaci\u00f3n de 1750 MW, mientras que para el pico nocturno la cifra ascender\u00eda a 2410 MW. Actualmente, la provincia registra 84 MW fuera de servicio, con un total de 141 quejas identificadas en los municipios de Fomento (7), Cabaigu\u00e1n (38), Jatibonico (10), Sancti Sp\u00edritus (34), Trinidad (26), Taguasco (1) y Yaguajay (25).<\/span><\/p>\n<p class=\"ds-markdown-paragraph\"><span class=\"\">La m\u00e1xima afectaci\u00f3n del domingo alcanz\u00f3 los 97 MW, con un tiempo promedio de interrupci\u00f3n de 14 horas y 6 minutos, y un m\u00e1ximo de 29 horas y 4 minutos.<\/span><\/p>\n<p class=\"ds-markdown-paragraph\"><span class=\"\">Entre las causas, se reportan aver\u00edas en las unidades 5, 6 y 8 de Mariel; la 2 de Santa Cruz; la 6 de Rente; y la 2 de Felton. Adem\u00e1s, se encuentran en mantenimiento las unidades 3 de Santa Cruz, 5 de Nuevitas y 5 de Rente, lo que suma 405 MW limitados en generaci\u00f3n t\u00e9rmica.<\/span><\/p>\n<p class=\"ds-markdown-paragraph\"><span class=\"\">Las brigadas el\u00e9ctricas trabajan en la soluci\u00f3n de las aver\u00edas, priorizando las de mayor complejidad. Se mantiene activo el centro de llamadas 18868 para atenci\u00f3n a clientes, y se recomienda seguir los canales oficiales para informaci\u00f3n actualizada.<\/span><\/p>\n","protected":false},"excerpt":{"rendered":"<p>La Empresa El\u00e9ctrica Provincial inform\u00f3 que durante la jornada de este lunes se mantienen elevados \u00edndices de afectaci\u00f3n en el servicio el\u00e9ctrico en Sancti Sp\u00edritus, como parte de una situaci\u00f3n compleja que se extiende a nivel nacional. Seg\u00fan la vocera Anabel Lage, en el horario diurno se estima una afectaci\u00f3n de 1750 MW, mientras que [&hellip;]<\/p>\n","protected":false},"author":4,"featured_media":74124,"comment_status":"open","ping_status":"open","sticky":false,"template":"","format":"standard","meta":{"_acf_changed":false,"footnotes":""},"categories":[9,8,1],"tags":[2989,3012,391,1780,2520],"coauthors":[1883],"class_list":["post-78942","post","type-post","status-publish","format-standard","has-post-thumbnail","hentry","category-en-audio","category-noticia","category-sancti-spiritus","tag-afectaciones-energeticas","tag-deficit-de-generacion","tag-empresa-electrica","tag-sancti-spiritus","tag-servicio-electrico"],"acf":[],"_links":{"self":[{"href":"https:\/\/www.radiosanctispiritus.cu\/es\/wp-json\/wp\/v2\/posts\/78942","targetHints":{"allow":["GET"]}}],"collection":[{"href":"https:\/\/www.radiosanctispiritus.cu\/es\/wp-json\/wp\/v2\/posts"}],"about":[{"href":"https:\/\/www.radiosanctispiritus.cu\/es\/wp-json\/wp\/v2\/types\/post"}],"author":[{"embeddable":true,"href":"https:\/\/www.radiosanctispiritus.cu\/es\/wp-json\/wp\/v2\/users\/4"}],"replies":[{"embeddable":true,"href":"https:\/\/www.radiosanctispiritus.cu\/es\/wp-json\/wp\/v2\/comments?post=78942"}],"version-history":[{"count":2,"href":"https:\/\/www.radiosanctispiritus.cu\/es\/wp-json\/wp\/v2\/posts\/78942\/revisions"}],"predecessor-version":[{"id":78944,"href":"https:\/\/www.radiosanctispiritus.cu\/es\/wp-json\/wp\/v2\/posts\/78942\/revisions\/78944"}],"wp:featuredmedia":[{"embeddable":true,"href":"https:\/\/www.radiosanctispiritus.cu\/es\/wp-json\/wp\/v2\/media\/74124"}],"wp:attachment":[{"href":"https:\/\/www.radiosanctispiritus.cu\/es\/wp-json\/wp\/v2\/media?parent=78942"}],"wp:term":[{"taxonomy":"category","embeddable":true,"href":"https:\/\/www.radiosanctispiritus.cu\/es\/wp-json\/wp\/v2\/categories?post=78942"},{"taxonomy":"post_tag","embeddable":true,"href":"https:\/\/www.radiosanctispiritus.cu\/es\/wp-json\/wp\/v2\/tags?post=78942"},{"taxonomy":"author","embeddable":true,"href":"https:\/\/www.radiosanctispiritus.cu\/es\/wp-json\/wp\/v2\/coauthors?post=78942"}],"curies":[{"name":"wp","href":"https:\/\/api.w.org\/{rel}","templated":true}]}}