{"id":78931,"date":"2026-08-30T17:44:31","date_gmt":"2026-08-30T21:44:31","guid":{"rendered":"https:\/\/www.radiosanctispiritus.cu\/es\/?p=78931"},"modified":"2026-08-30T18:47:28","modified_gmt":"2026-08-30T22:47:28","slug":"iran-destaca-cooperacion-regional-como-base-para-una-nueva-etapa","status":"publish","type":"post","link":"https:\/\/www.radiosanctispiritus.cu\/es\/iran-destaca-cooperacion-regional-como-base-para-una-nueva-etapa\/","title":{"rendered":"Ir\u00e1n destaca cooperaci\u00f3n regional como base para una nueva etapa"},"content":{"rendered":"<p>El presidente del Parlamento iran\u00ed, Mohammad Baqer Qalibaf, afirm\u00f3 este domingo que los acuerdos y mecanismos de cooperaci\u00f3n entre los pa\u00edses de la regi\u00f3n anuncian el comienzo de una nueva etapa basada en una mayor autonom\u00eda en materia de seguridad.<\/p>\n<p>En un mensaje difundido con motivo de la Semana de la Unidad y citado por la agencia iran\u00ed ISNA, Qalibaf sostuvo que los acontecimientos de los \u00faltimos a\u00f1os demostraron que potencias externas como Estados Unidos no pueden garantizar una seguridad duradera para los pa\u00edses de la regi\u00f3n.<\/p>\n<p>A su juicio, cualquier esquema de seguridad basado en la presencia e intervenci\u00f3n de actores externos resulta \u201cfr\u00e1gil y dependiente\u201d.<\/p>\n<p>El dirigente parlamentario se\u00f1al\u00f3 que la estabilidad regional debe sustentarse en la voluntad de los pa\u00edses isl\u00e1micos y en la cooperaci\u00f3n entre los Estados vecinos.<\/p>\n<p>Qalibaf destac\u00f3 adem\u00e1s los recientes acuerdos de defensa y cooperaci\u00f3n alcanzados en la regi\u00f3n, que consider\u00f3 se\u00f1ales de una mayor disposici\u00f3n de los pa\u00edses a confiar en sus propias capacidades.<\/p>\n<p>A\u00f1adi\u00f3 que esos entendimientos podr\u00edan abrir una nueva etapa en la que los pa\u00edses musulmanes prioricen la cooperaci\u00f3n, la fraternidad y la seguridad compartida frente a la competencia y la dependencia de potencias extranjeras.<\/p>\n","protected":false},"excerpt":{"rendered":"<p>El presidente del Parlamento iran\u00ed, Mohammad Baqer Qalibaf, afirm\u00f3 este domingo que los acuerdos y mecanismos de cooperaci\u00f3n entre los pa\u00edses de la regi\u00f3n anuncian el comienzo de una nueva etapa basada en una mayor autonom\u00eda en materia de seguridad.<\/p>\n","protected":false},"author":22,"featured_media":78934,"comment_status":"open","ping_status":"open","sticky":false,"template":"","format":"standard","meta":{"_acf_changed":false,"footnotes":""},"categories":[1],"tags":[1962,1152,1019],"coauthors":[1882],"class_list":["post-78931","post","type-post","status-publish","format-standard","has-post-thumbnail","hentry","category-sancti-spiritus","tag-ee-uu","tag-iran","tag-medio-oriente"],"acf":[],"_links":{"self":[{"href":"https:\/\/www.radiosanctispiritus.cu\/es\/wp-json\/wp\/v2\/posts\/78931","targetHints":{"allow":["GET"]}}],"collection":[{"href":"https:\/\/www.radiosanctispiritus.cu\/es\/wp-json\/wp\/v2\/posts"}],"about":[{"href":"https:\/\/www.radiosanctispiritus.cu\/es\/wp-json\/wp\/v2\/types\/post"}],"author":[{"embeddable":true,"href":"https:\/\/www.radiosanctispiritus.cu\/es\/wp-json\/wp\/v2\/users\/22"}],"replies":[{"embeddable":true,"href":"https:\/\/www.radiosanctispiritus.cu\/es\/wp-json\/wp\/v2\/comments?post=78931"}],"version-history":[{"count":3,"href":"https:\/\/www.radiosanctispiritus.cu\/es\/wp-json\/wp\/v2\/posts\/78931\/revisions"}],"predecessor-version":[{"id":78935,"href":"https:\/\/www.radiosanctispiritus.cu\/es\/wp-json\/wp\/v2\/posts\/78931\/revisions\/78935"}],"wp:featuredmedia":[{"embeddable":true,"href":"https:\/\/www.radiosanctispiritus.cu\/es\/wp-json\/wp\/v2\/media\/78934"}],"wp:attachment":[{"href":"https:\/\/www.radiosanctispiritus.cu\/es\/wp-json\/wp\/v2\/media?parent=78931"}],"wp:term":[{"taxonomy":"category","embeddable":true,"href":"https:\/\/www.radiosanctispiritus.cu\/es\/wp-json\/wp\/v2\/categories?post=78931"},{"taxonomy":"post_tag","embeddable":true,"href":"https:\/\/www.radiosanctispiritus.cu\/es\/wp-json\/wp\/v2\/tags?post=78931"},{"taxonomy":"author","embeddable":true,"href":"https:\/\/www.radiosanctispiritus.cu\/es\/wp-json\/wp\/v2\/coauthors?post=78931"}],"curies":[{"name":"wp","href":"https:\/\/api.w.org\/{rel}","templated":true}]}}