{"id":78917,"date":"2026-08-31T04:59:44","date_gmt":"2026-08-31T08:59:44","guid":{"rendered":"https:\/\/www.radiosanctispiritus.cu\/es\/?p=78917"},"modified":"2026-08-30T18:31:48","modified_gmt":"2026-08-30T22:31:48","slug":"feria-del-libro-cierra-su-capitulo-espirituano","status":"publish","type":"post","link":"https:\/\/www.radiosanctispiritus.cu\/es\/feria-del-libro-cierra-su-capitulo-espirituano\/","title":{"rendered":"Feria del Libro cierra su cap\u00edtulo espirituano"},"content":{"rendered":"<p class=\"h2 font-normal\"><span class=\"cursor-pointer group\" title=\"Reproducir desde 0:00\"><span class=\"group-hover:bg-base-200 rounded p-0.5 -m-0.5\" data-start=\"0\" data-end=\"5160\">El cap\u00edtulo espirituano de la 34 Feria Internacional del Libro dijo adi\u00f3s a<\/span><\/span> la ciudad del Yayabo<span class=\"cursor-pointer group\" title=\"Reproducir desde 0:05\"><span class=\"group-hover:bg-base-200 rounded p-0.5 -m-0.5\" data-start=\"5160\" data-end=\"10780\">. Si bien el n\u00famero de t\u00edtulos y ejemplares en nada se parecieron a las ediciones<\/span><\/span> <span class=\"cursor-pointer group\" title=\"Reproducir desde 0:11\"><span class=\"group-hover:bg-base-200 rounded p-0.5 -m-0.5\" data-start=\"10780\" data-end=\"16040\">en que se abarrotaba el \u00e1rea del Parque Seraf\u00edn S\u00e1nchez Valdivia, logr\u00f3 romper las rutinas de esta<\/span><\/span> <span class=\"cursor-pointer group\" title=\"Reproducir desde 0:16\"><span class=\"group-hover:bg-base-200 rounded p-0.5 -m-0.5\" data-start=\"16040\" data-end=\"22980\">sosegada urbe del centro de Cuba. <\/span><\/span><\/p>\n<p class=\"h2 font-normal\"><span class=\"cursor-pointer group\" title=\"Reproducir desde 0:16\"><span class=\"group-hover:bg-base-200 rounded p-0.5 -m-0.5\" data-start=\"16040\" data-end=\"22980\">Presentaciones y ventas de texto, paneles y lecturas reunieron a p\u00fablicos<\/span><\/span> <span class=\"cursor-pointer group\" title=\"Reproducir desde 0:23\"><span class=\"group-hover:bg-base-200 rounded p-0.5 -m-0.5\" data-start=\"22980\" data-end=\"28780\">y escritores, a<\/span><\/span><span class=\"cursor-pointer group\" title=\"Reproducir desde 0:23\"><span class=\"group-hover:bg-base-200 rounded p-0.5 -m-0.5\" data-start=\"22980\" data-end=\"28780\">unque sigue siendo el tal\u00f3n de Aquiles de todo evento en esta tierra, la escasa<\/span><\/span> <span class=\"cursor-pointer group\" title=\"Reproducir desde 0:29\"><span class=\"group-hover:bg-base-200 rounded p-0.5 -m-0.5\" data-start=\"28780\" data-end=\"35720\">cantidad de p\u00fablicos en las mismas. <\/span><\/span><\/p>\n<p class=\"h2 font-normal\"><span class=\"cursor-pointer group\" title=\"Reproducir desde 0:29\"><span class=\"group-hover:bg-base-200 rounded p-0.5 -m-0.5\" data-start=\"28780\" data-end=\"35720\">\u00abNuestra gente est\u00e1 abrumada, nuestra gente tiene mil problemas<\/span><\/span> <span class=\"cursor-pointer group\" title=\"Reproducir desde 0:36\"><span class=\"group-hover:bg-base-200 rounded p-0.5 -m-0.5\" data-start=\"35720\" data-end=\"42160\">a diario que resolver, pero ese d\u00eda cuando van a la actividad de la Feria, cuando van a los kioscos<\/span><\/span> <span class=\"cursor-pointer group\" title=\"Reproducir desde 0:42\"><span class=\"group-hover:bg-base-200 rounded p-0.5 -m-0.5\" data-start=\"42160\" data-end=\"47900\">a comprar libros, se olvida un poco de eso\u00bb, asegura Jorge Silverio, a quien, junto a Manuel Gonz\u00e1lez<\/span><\/span> <span class=\"cursor-pointer group\" title=\"Reproducir desde 0:48\"><span class=\"group-hover:bg-base-200 rounded p-0.5 -m-0.5\" data-start=\"47900\" data-end=\"54400\">Busto, se le dedic\u00f3 el cap\u00edtulo espirituano de la Feria.<\/span><\/span><\/p>\n<p class=\"h2 font-normal\"><span class=\"cursor-pointer group\" title=\"Reproducir desde 0:48\"><span class=\"group-hover:bg-base-200 rounded p-0.5 -m-0.5\" data-start=\"47900\" data-end=\"54400\">\u00abY se alegran escuchando recitales de<\/span><\/span> <span class=\"cursor-pointer group\" title=\"Reproducir desde 0:54\"><span class=\"group-hover:bg-base-200 rounded p-0.5 -m-0.5\" data-start=\"54400\" data-end=\"61220\">poes\u00eda, escuchando lectura, escuchando conferencias, viendo los libros. Y creo que s\u00ed, vale la pena y es<\/span><\/span> <span class=\"cursor-pointer group\" title=\"Reproducir desde 1:01\"><span class=\"group-hover:bg-base-200 rounded p-0.5 -m-0.5\" data-start=\"61220\" data-end=\"67540\">muy importante que el gobierno, pese a todo, haya hecho eso, haya hecho este esfuerzo, que es<\/span><\/span> <span class=\"cursor-pointer group\" title=\"Reproducir desde 1:08\"><span class=\"group-hover:bg-base-200 rounded p-0.5 -m-0.5\" data-start=\"67540\" data-end=\"72880\">grande el esfuerzo que est\u00e1 haciendo. Pero el simple hecho que la Feria est\u00e9 en nosotros es muy importante\u00bb.<\/span><\/span><\/p>\n<p class=\"h2 font-normal\"><span class=\"cursor-pointer group\" title=\"Reproducir desde 1:13\"><span class=\"group-hover:bg-base-200 rounded p-0.5 -m-0.5\" data-start=\"73120\" data-end=\"78420\">A fin de suplir las ausencias de libros en los anaqueles, los organizadores de la cita dise\u00f1aron<\/span><\/span> <span class=\"cursor-pointer group\" title=\"Reproducir desde 1:18\"><span class=\"group-hover:bg-base-200 rounded p-0.5 -m-0.5\" data-start=\"78420\" data-end=\"84760\">un programa diverso y ambicioso, sobre todo para los actuales complejos tiempos. Se unieron al mismo<\/span><\/span> <span class=\"cursor-pointer group\" title=\"Reproducir desde 1:25\"><span class=\"group-hover:bg-base-200 rounded p-0.5 -m-0.5\" data-start=\"84760\" data-end=\"90040\">las filiales espirituanas de la Asociaci\u00f3n Hermanos Sa\u00edz y la Uni\u00f3n de Historiadores de Cuba, el<\/span><\/span> <span class=\"cursor-pointer group\" title=\"Reproducir desde 1:30\"><span class=\"group-hover:bg-base-200 rounded p-0.5 -m-0.5\" data-start=\"90040\" data-end=\"95200\">Comit\u00e9 Provincial de la Uni\u00f3n de Escritores y Artistas y la Editorial Luminaria. Igualmente, el<\/span><\/span> <span class=\"cursor-pointer group\" title=\"Reproducir desde 1:35\"><span class=\"group-hover:bg-base-200 rounded p-0.5 -m-0.5\" data-start=\"95200\" data-end=\"100720\">resto de las artes se rindieron ante la literatura.<\/span><\/span><\/p>\n<p class=\"h2 font-normal\"><span class=\"cursor-pointer group\" title=\"Reproducir desde 1:35\"><span class=\"group-hover:bg-base-200 rounded p-0.5 -m-0.5\" data-start=\"95200\" data-end=\"100720\">La Galer\u00eda de Arte Oscar Fern\u00e1ndez Morera acogi\u00f3<\/span><\/span> <span class=\"cursor-pointer group\" title=\"Reproducir desde 1:41\"><span class=\"group-hover:bg-base-200 rounded p-0.5 -m-0.5\" data-start=\"100720\" data-end=\"105760\">la muestra personal de Yudit Vidal Faife bajo el t\u00edtulo \u00abLa pintura se hizo poema\u00bb.<\/span><\/span> \u00ab<span class=\"cursor-pointer group\" title=\"Reproducir desde 1:46\"><span class=\"group-hover:bg-base-200 rounded p-0.5 -m-0.5\" data-start=\"105760\" data-end=\"113380\">Hemos hecho el proceso invertido. No es el artista pl\u00e1stico, en este caso, quien les habla,\u00a0<\/span><\/span><span class=\"cursor-pointer group\" title=\"Reproducir desde 1:54\"><span class=\"group-hover:bg-base-200 rounded p-0.5 -m-0.5\" data-start=\"113580\" data-end=\"119700\">quien se ha inspirado en los poemas de diferentes poetas, escritores, tanto nacionales como<\/span><\/span> <span class=\"cursor-pointer group\" title=\"Reproducir desde 2:00\"><span class=\"group-hover:bg-base-200 rounded p-0.5 -m-0.5\" data-start=\"119700\" data-end=\"125480\">internacionales, cubanos todos, sino han sido ellos, los escritores y los poetas, quienes se han<\/span><\/span> <span class=\"cursor-pointer group\" title=\"Reproducir desde 2:05\"><span class=\"group-hover:bg-base-200 rounded p-0.5 -m-0.5\" data-start=\"125480\" data-end=\"131780\">inspirado en la serie Esparcimiento An\u00edmico, que e<\/span><\/span><span class=\"cursor-pointer group\" title=\"Reproducir desde 2:05\"><span class=\"group-hover:bg-base-200 rounded p-0.5 -m-0.5\" data-start=\"125480\" data-end=\"131780\">s una de mis primeras series que retomo<\/span><\/span> <span class=\"cursor-pointer group\" title=\"Reproducir desde 2:12\"><span class=\"group-hover:bg-base-200 rounded p-0.5 -m-0.5\" data-start=\"131780\" data-end=\"140380\">constantemente porque soy yo misma, es la naturaleza animal del hombre, esa m\u00edstica y po\u00e9tica que<\/span><\/span> <span class=\"cursor-pointer group\" title=\"Reproducir desde 2:20\"><span class=\"group-hover:bg-base-200 rounded p-0.5 -m-0.5\" data-start=\"140380\" data-end=\"147320\">tenemos todos y ha sido maravillosa la colaboraci\u00f3n entre artistas del medio de las letras y de la<\/span><\/span> <span class=\"cursor-pointer group\" title=\"Reproducir desde 2:27\"><span class=\"group-hover:bg-base-200 rounded p-0.5 -m-0.5\" data-start=\"147320\" data-end=\"156480\">pl\u00e1stica, pues es extraordinario como nacen poemas a partir de estos dibujos que son muy coloridos\u00bb.<\/span><\/span><\/p>\n<p class=\"h2 font-normal\"><span class=\"cursor-pointer group\" title=\"Reproducir desde 2:36\"><span class=\"group-hover:bg-base-200 rounded p-0.5 -m-0.5\" data-start=\"156480\" data-end=\"164280\">Y si de novedades se habla en esta Feria que reci\u00e9n concluy\u00f3 de Sancti Sp\u00edritus, no se puede<\/span><\/span> <span class=\"cursor-pointer group\" title=\"Reproducir desde 2:44\"><span class=\"group-hover:bg-base-200 rounded p-0.5 -m-0.5\" data-start=\"164280\" data-end=\"171460\">dejar pasar las presentaciones de algunas novedades editoriales, como Esteban no lo sab\u00eda,<\/span><\/span> <span class=\"cursor-pointer group\" title=\"Reproducir desde 2:51\"><span class=\"group-hover:bg-base-200 rounded p-0.5 -m-0.5\" data-start=\"171460\" data-end=\"178900\">de Yolanda Felicitas Rodr\u00edguez y Aquel muchacho, de Senel Paz. <\/span><\/span><\/p>\n<p class=\"h2 font-normal\"><span class=\"cursor-pointer group\" title=\"Reproducir desde 2:51\"><span class=\"group-hover:bg-base-200 rounded p-0.5 -m-0.5\" data-start=\"171460\" data-end=\"178900\">Igualmente, la Feria de intercambios,<\/span><\/span> <span class=\"cursor-pointer group\" title=\"Reproducir desde 2:59\"><span class=\"group-hover:bg-base-200 rounded p-0.5 -m-0.5\" data-start=\"179040\" data-end=\"183120\">un espacio habitual ya en la sede del Comit\u00e9 Provincial de la Uni\u00f3n de Escritores y Artistas<\/span><\/span> <span class=\"cursor-pointer group\" title=\"Reproducir desde 3:03\"><span class=\"group-hover:bg-base-200 rounded p-0.5 -m-0.5 bg-primary\/25 transition-all duration-200\" data-start=\"183120\" data-end=\"190340\" data-active=\"\">de Cuba, acapar\u00f3 la atenci\u00f3n de grandes y chicos.<\/span><\/span><\/p>\n<p><iframe src=\"https:\/\/www.ivoox.com\/player_ej_179726376_6_1.html?c1=84140c\" width=\"100%\" height=\"200\" frameborder=\"0\" scrolling=\"no\" allowfullscreen=\"allowfullscreen\"><\/iframe><\/p>\n","protected":false},"excerpt":{"rendered":"<p>El cap\u00edtulo espirituano de la 34 Feria Internacional del Libro dijo adi\u00f3s a la ciudad del Yayabo. Si bien el n\u00famero de t\u00edtulos y ejemplares en nada se parecieron a las ediciones en que se abarrotaba el \u00e1rea del Parque Seraf\u00edn S\u00e1nchez Valdivia, logr\u00f3 romper las rutinas de esta sosegada urbe del centro de Cuba.<\/p>\n","protected":false},"author":12,"featured_media":78925,"comment_status":"open","ping_status":"open","sticky":false,"template":"","format":"standard","meta":{"_acf_changed":false,"footnotes":""},"categories":[6,9,8,1],"tags":[360,655,3396,446],"coauthors":[1864],"class_list":["post-78917","post","type-post","status-publish","format-standard","has-post-thumbnail","hentry","category-cultura","category-en-audio","category-noticia","category-sancti-spiritus","tag-cultura-espirituana","tag-feria-del-libro","tag-feria-del-libro-sancti-spiritus","tag-literatura"],"acf":[],"_links":{"self":[{"href":"https:\/\/www.radiosanctispiritus.cu\/es\/wp-json\/wp\/v2\/posts\/78917","targetHints":{"allow":["GET"]}}],"collection":[{"href":"https:\/\/www.radiosanctispiritus.cu\/es\/wp-json\/wp\/v2\/posts"}],"about":[{"href":"https:\/\/www.radiosanctispiritus.cu\/es\/wp-json\/wp\/v2\/types\/post"}],"author":[{"embeddable":true,"href":"https:\/\/www.radiosanctispiritus.cu\/es\/wp-json\/wp\/v2\/users\/12"}],"replies":[{"embeddable":true,"href":"https:\/\/www.radiosanctispiritus.cu\/es\/wp-json\/wp\/v2\/comments?post=78917"}],"version-history":[{"count":5,"href":"https:\/\/www.radiosanctispiritus.cu\/es\/wp-json\/wp\/v2\/posts\/78917\/revisions"}],"predecessor-version":[{"id":78926,"href":"https:\/\/www.radiosanctispiritus.cu\/es\/wp-json\/wp\/v2\/posts\/78917\/revisions\/78926"}],"wp:featuredmedia":[{"embeddable":true,"href":"https:\/\/www.radiosanctispiritus.cu\/es\/wp-json\/wp\/v2\/media\/78925"}],"wp:attachment":[{"href":"https:\/\/www.radiosanctispiritus.cu\/es\/wp-json\/wp\/v2\/media?parent=78917"}],"wp:term":[{"taxonomy":"category","embeddable":true,"href":"https:\/\/www.radiosanctispiritus.cu\/es\/wp-json\/wp\/v2\/categories?post=78917"},{"taxonomy":"post_tag","embeddable":true,"href":"https:\/\/www.radiosanctispiritus.cu\/es\/wp-json\/wp\/v2\/tags?post=78917"},{"taxonomy":"author","embeddable":true,"href":"https:\/\/www.radiosanctispiritus.cu\/es\/wp-json\/wp\/v2\/coauthors?post=78917"}],"curies":[{"name":"wp","href":"https:\/\/api.w.org\/{rel}","templated":true}]}}