{"id":78910,"date":"2026-08-31T04:58:27","date_gmt":"2026-08-31T08:58:27","guid":{"rendered":"https:\/\/www.radiosanctispiritus.cu\/es\/?p=78910"},"modified":"2026-08-30T17:31:29","modified_gmt":"2026-08-30T21:31:29","slug":"lamparas-solares-favorecen-iluminacion-nocturna-de-espacios-publicos-espirituanos","status":"publish","type":"post","link":"https:\/\/www.radiosanctispiritus.cu\/es\/lamparas-solares-favorecen-iluminacion-nocturna-de-espacios-publicos-espirituanos\/","title":{"rendered":"L\u00e1mparas solares favorecen iluminaci\u00f3n nocturna de espacios p\u00fablicos espirituanos"},"content":{"rendered":"<p>La instalaci\u00f3n de l\u00e1mparas solares en avenidas de Sancti Sp\u00edritus contribuye hoy a mejorar la iluminaci\u00f3n nocturna de espacios p\u00fablicos y extiende una alternativa basada en fuentes renovables hacia los restantes municipios de la provincia.<\/p>\n<p>De acuerdo con Adiel Alejandro Rodr\u00edguez Rodr\u00edguez, director de la empresa el\u00e9ctrica en el territorio Cabecera, trabajadores de esa entidad han apoyado tambi\u00e9n el montaje de estos equipos a solicitud de delegados de circunscripci\u00f3n y de personas que los han adquirido para contribuir al bienestar de las comunidades.<\/p>\n<p>Eso lo han ido trabajando los municipios propiamente en toda la provincia. Y nosotros aqu\u00ed en el municipio Cabecera la hemos trabajado fundamentalmente en la zona del paseo, la plaza cultural, el paseo universitario. Hice un estudio. con muy buen resultado, muy buena afectaci\u00f3n por los clientes. Contamos con un paseo iluminado, se trabaj\u00f3 tambi\u00e9n las \u00e1reas aleda\u00f1as a Arcopelia y frente al hogar materno que est\u00e1 ah\u00ed, la calle enlaza con este paseo Marco Garc\u00eda.<\/p>\n<p>Individualmente se han acercado a nosotros alg\u00fan delegado o clientes otros. Seg\u00fan Rodr\u00edguez Rodr\u00edguez, el empleo de estos equipos permite aprovechar la energ\u00eda solar para iluminar calles y otros espacios sin depender directamente de la red el\u00e9ctrica durante el horario nocturno, una opci\u00f3n que adquiere particular importancia ante las limitaciones actuales del Sistema Electroenerg\u00e9tico Nacional. Duran sobre las 8 horas con servicio. Tienen sensor de movimiento alguno, lo que se opt\u00f3 por tenerla fija para que estuvieran toda la avenida iluminada.<\/p>\n<p>Ellas tienen un sensor que cuando detectan la claridad se apaga y comienza la carga. Esta iniciativa gana presencia en diferentes zonas de Santa Esp\u00edritus y el resto de los municipios, donde la incorporaci\u00f3n de soluciones solares suma esfuerzos para mejorar el alumbrado p\u00fablico y fomentar el aprovechamiento. de fuentes renovables de energ\u00eda.<\/p>\n<p><iframe src=\"https:\/\/www.ivoox.com\/player_ej_179695855_6_1.html?c1=84140c\" width=\"100%\" height=\"200\" frameborder=\"0\" scrolling=\"no\" allowfullscreen=\"allowfullscreen\"><\/iframe><\/p>\n","protected":false},"excerpt":{"rendered":"<p>La instalaci\u00f3n de l\u00e1mparas solares en avenidas de Sancti Sp\u00edritus contribuye hoy a mejorar la iluminaci\u00f3n nocturna de espacios p\u00fablicos y extiende una alternativa basada en fuentes renovables hacia los restantes municipios de la provincia.<\/p>\n","protected":false},"author":29,"featured_media":44338,"comment_status":"open","ping_status":"open","sticky":false,"template":"","format":"standard","meta":{"_acf_changed":false,"footnotes":""},"categories":[16,9,8,1],"tags":[3404,391,1200],"coauthors":[1856],"class_list":["post-78910","post","type-post","status-publish","format-standard","has-post-thumbnail","hentry","category-economia","category-en-audio","category-noticia","category-sancti-spiritus","tag-alumbrado-publico","tag-empresa-electrica","tag-energia-fotovoltaica"],"acf":[],"_links":{"self":[{"href":"https:\/\/www.radiosanctispiritus.cu\/es\/wp-json\/wp\/v2\/posts\/78910","targetHints":{"allow":["GET"]}}],"collection":[{"href":"https:\/\/www.radiosanctispiritus.cu\/es\/wp-json\/wp\/v2\/posts"}],"about":[{"href":"https:\/\/www.radiosanctispiritus.cu\/es\/wp-json\/wp\/v2\/types\/post"}],"author":[{"embeddable":true,"href":"https:\/\/www.radiosanctispiritus.cu\/es\/wp-json\/wp\/v2\/users\/29"}],"replies":[{"embeddable":true,"href":"https:\/\/www.radiosanctispiritus.cu\/es\/wp-json\/wp\/v2\/comments?post=78910"}],"version-history":[{"count":5,"href":"https:\/\/www.radiosanctispiritus.cu\/es\/wp-json\/wp\/v2\/posts\/78910\/revisions"}],"predecessor-version":[{"id":78915,"href":"https:\/\/www.radiosanctispiritus.cu\/es\/wp-json\/wp\/v2\/posts\/78910\/revisions\/78915"}],"wp:featuredmedia":[{"embeddable":true,"href":"https:\/\/www.radiosanctispiritus.cu\/es\/wp-json\/wp\/v2\/media\/44338"}],"wp:attachment":[{"href":"https:\/\/www.radiosanctispiritus.cu\/es\/wp-json\/wp\/v2\/media?parent=78910"}],"wp:term":[{"taxonomy":"category","embeddable":true,"href":"https:\/\/www.radiosanctispiritus.cu\/es\/wp-json\/wp\/v2\/categories?post=78910"},{"taxonomy":"post_tag","embeddable":true,"href":"https:\/\/www.radiosanctispiritus.cu\/es\/wp-json\/wp\/v2\/tags?post=78910"},{"taxonomy":"author","embeddable":true,"href":"https:\/\/www.radiosanctispiritus.cu\/es\/wp-json\/wp\/v2\/coauthors?post=78910"}],"curies":[{"name":"wp","href":"https:\/\/api.w.org\/{rel}","templated":true}]}}