{"id":78905,"date":"2026-08-31T05:00:44","date_gmt":"2026-08-31T09:00:44","guid":{"rendered":"https:\/\/www.radiosanctispiritus.cu\/es\/?p=78905"},"modified":"2026-08-30T17:34:09","modified_gmt":"2026-08-30T21:34:09","slug":"transformaciones-economicas-y-sociales-oportunidad-para-desarrollar-la-actividad-turistica","status":"publish","type":"post","link":"https:\/\/www.radiosanctispiritus.cu\/es\/transformaciones-economicas-y-sociales-oportunidad-para-desarrollar-la-actividad-turistica\/","title":{"rendered":"Transformaciones econ\u00f3micas y sociales, oportunidad para desarrollar la actividad tur\u00edstica"},"content":{"rendered":"<p>A tono con las posibilidades que ofrecen las transformaciones aprobadas por el gobierno cubano, el sector del turismo en Sancti Sp\u00edritus se implementa un grupo de acciones encaminadas a dinamizar esta actividad econ\u00f3mica con un peso significativo en los ingresos territoriales.<\/p>\n<p>Las propuestas incluyen la incorporaci\u00f3n de nuevas modalidades de negocios, inversiones, digitalizaci\u00f3n, proyecci\u00f3n internacional de marcas cubanas y gobernanza.<\/p>\n<p>De acuerdo con Yordanis Fern\u00e1ndez Alonso, delegado del Ministro del Turismo en la provincia espirituana, la intenci\u00f3n es aprovechar el nuevo escenario en funci\u00f3n de potenciar productos y servicios con mayor calidad.<\/p>\n<p>Ya se trabaja en dos propuestas importantes, la declaraci\u00f3n del Centro Hist\u00f3rico de Trinidad y el Valle de los Ingenios como zona de uso preferentemente tur\u00edstico y como franquicia en el exterior a La Canch\u00e1nchara, instalaci\u00f3n emblem\u00e1tica de este destino.<\/p>\n<p>Fern\u00e1ndez Alonso recalc\u00f3 que todas las transformaciones tienen como fin contribuir al desarrollo del sector en la provincia.<\/p>\n<p>\u00abNuestro sector, trabajando todos los d\u00edas en funci\u00f3n de seguir desarrollando, porque m\u00e1s del 50 por ciento de los ingresos de este territorio dependen del turismo. Y necesitamos que esos ingresos tambi\u00e9n se vean en el pueblo, en los salarios. Y nosotros yo creo que todos tenemos que estar en funci\u00f3n de seguir aportando y apostando por el desarrollo tur\u00edstico\u00bb.<\/p>\n<p><iframe src=\"https:\/\/www.ivoox.com\/player_ej_179695987_6_1.html?c1=84140c\" width=\"100%\" height=\"200\" frameborder=\"0\" scrolling=\"no\" allowfullscreen=\"allowfullscreen\"><\/iframe><\/p>\n","protected":false},"excerpt":{"rendered":"<p>A tono con las posibilidades que ofrecen las transformaciones aprobadas por el gobierno cubano, el sector del turismo en Sancti Sp\u00edritus se implementa un grupo de acciones encaminadas a dinamizar esta actividad econ\u00f3mica con un peso significativo en los ingresos territoriales.<\/p>\n","protected":false},"author":23,"featured_media":7895,"comment_status":"open","ping_status":"open","sticky":false,"template":"","format":"standard","meta":{"_acf_changed":false,"footnotes":""},"categories":[8,16,9,1,1170],"tags":[3139,54,23],"coauthors":[1899],"class_list":["post-78905","post","type-post","status-publish","format-standard","has-post-thumbnail","hentry","category-noticia","category-economia","category-en-audio","category-sancti-spiritus","category-turismo","tag-transformaciones-economicas-y-sociales","tag-trinidad-de-cuba","tag-turismo"],"acf":[],"_links":{"self":[{"href":"https:\/\/www.radiosanctispiritus.cu\/es\/wp-json\/wp\/v2\/posts\/78905","targetHints":{"allow":["GET"]}}],"collection":[{"href":"https:\/\/www.radiosanctispiritus.cu\/es\/wp-json\/wp\/v2\/posts"}],"about":[{"href":"https:\/\/www.radiosanctispiritus.cu\/es\/wp-json\/wp\/v2\/types\/post"}],"author":[{"embeddable":true,"href":"https:\/\/www.radiosanctispiritus.cu\/es\/wp-json\/wp\/v2\/users\/23"}],"replies":[{"embeddable":true,"href":"https:\/\/www.radiosanctispiritus.cu\/es\/wp-json\/wp\/v2\/comments?post=78905"}],"version-history":[{"count":5,"href":"https:\/\/www.radiosanctispiritus.cu\/es\/wp-json\/wp\/v2\/posts\/78905\/revisions"}],"predecessor-version":[{"id":78916,"href":"https:\/\/www.radiosanctispiritus.cu\/es\/wp-json\/wp\/v2\/posts\/78905\/revisions\/78916"}],"wp:featuredmedia":[{"embeddable":true,"href":"https:\/\/www.radiosanctispiritus.cu\/es\/wp-json\/wp\/v2\/media\/7895"}],"wp:attachment":[{"href":"https:\/\/www.radiosanctispiritus.cu\/es\/wp-json\/wp\/v2\/media?parent=78905"}],"wp:term":[{"taxonomy":"category","embeddable":true,"href":"https:\/\/www.radiosanctispiritus.cu\/es\/wp-json\/wp\/v2\/categories?post=78905"},{"taxonomy":"post_tag","embeddable":true,"href":"https:\/\/www.radiosanctispiritus.cu\/es\/wp-json\/wp\/v2\/tags?post=78905"},{"taxonomy":"author","embeddable":true,"href":"https:\/\/www.radiosanctispiritus.cu\/es\/wp-json\/wp\/v2\/coauthors?post=78905"}],"curies":[{"name":"wp","href":"https:\/\/api.w.org\/{rel}","templated":true}]}}