{"id":78901,"date":"2026-08-31T04:11:50","date_gmt":"2026-08-31T08:11:50","guid":{"rendered":"https:\/\/www.radiosanctispiritus.cu\/es\/?p=78901"},"modified":"2026-08-31T16:45:42","modified_gmt":"2026-08-31T20:45:42","slug":"lo-que-necesita-conocer-del-nuevo-curso-en-la-universidad-espirituana","status":"publish","type":"post","link":"https:\/\/www.radiosanctispiritus.cu\/es\/lo-que-necesita-conocer-del-nuevo-curso-en-la-universidad-espirituana\/","title":{"rendered":"Lo que necesita conocer del nuevo curso en la Universidad espirituana"},"content":{"rendered":"<p>Un ir y venir diferentes se viven por estas jornadas en la Universidad de Sancti Sp\u00edritus Jos\u00e9 Mart\u00ed P\u00e9rez (Uniss), previo al inicio del curso escolar 2026 \u2013 2027, un periodo que inicia este primero de\u00a0 septiembre, que en la casa de altos estudios asumir\u00e1 una matr\u00edcula de nuevo ingreso de alrededor de mil estudiantes.<\/p>\n<p><strong>De c\u00f3mo acontecer\u00e1 y lo que debe conocer del inicio del a\u00f1o acad\u00e9mico en la Universidad, ahonda el rector de la Universidad espirituana Dr. C. Edelvy Bravo Amarante.<\/strong><\/p>\n<p>\u201cEl curso dar\u00e1 inicio de manera presencial para todos los estudiantes residentes en el municipio de Sancti Sp\u00edritus, el resto de los educandos de los dem\u00e1s territorios recibir\u00e1n la docencia de manera concentrada,\u00a0 una semana al mes, con clases en doble sesi\u00f3n\u201d.<\/p>\n<p>El resto del mes los j\u00f3venes universitarios desarrollaran actividades orientadas por sus profesores en los Centros Universitarios (CUM).<\/p>\n<p>El cronograma de concentraci\u00f3n se ha organizado de la siguiente manera.<\/p>\n<p>&#8211; Semana 1: Facultad de Ciencias T\u00e9cnicas y Econ\u00f3mica (carreras de Ingenier\u00edas, Contabilidad y Finanzas y Licenciatura en Inform\u00e1tica).<\/p>\n<p>&#8211; Semana 2: Facultad de Ciencias Agropecuarias (Ingenier\u00eda Forestal y Agronom\u00eda) y la Facultad de Cultura F\u00edsica (Licenciatura de Cultura F\u00edsica).<\/p>\n<p>&#8211; Semana 3: Facultad de Ciencias Pedag\u00f3gicas, (Licenciatura en Educaci\u00f3n).<\/p>\n<p>&#8211; Semana 4: Facultad de Humanidades: (Licenciatura en Derecho, Gesti\u00f3n Sociocultural, Arte y Espa\u00f1ol).<\/p>\n<p>Adem\u00e1s, durante la semana del 7 al 12 de septiembre, se concentrar\u00e1n de manera simult\u00e1nea todos los estudiantes de nuevo ingreso, independientemente de su Facultad, para recibir las actividades de acogida, familiarizaci\u00f3n, e inicio a la vida universitaria.<\/p>\n<p><strong>REFERENTE AL PROCESO DE MATR\u00cdCULA<\/strong><\/p>\n<p>La Secretar\u00eda General de la Universidad de Sancti Sp\u00edritus \u201cJos\u00e9 Mart\u00ed\u201d explica en el sitio de la instituci\u00f3n que el proceso de matr\u00edcula comenz\u00f3 desde el d\u00eda 24 de Agosto y se extender\u00e1 hasta el venidero 11 de septiembre entre 9.00 am a 12 m.<\/p>\n<p>En esta oportunidad los estudiantes del municipio Sancti Sp\u00edritus matriculan en sus respectivas facultades, el resto de los estudiantes desarrollan este proceso en los Centros Universitarios de sus municipios de residencia.<\/p>\n<p>En el caso de los estudiantes espirituanos que cursar\u00e1n estudios en otras universidades cubanas realizar\u00e1n este proceso, de igual manera, en los CUM\u00a0 de sus respectivos territorios de residencia. En el caso de la cabecera provincial la matr\u00edcula se realizar\u00e1 en la Secretaria General de la Universidad espirituana.<\/p>\n<p>En todos los casos se debe presentar la siguiente documentaci\u00f3n:<\/p>\n<p>&#8211; Carne de Identidad en buen estado.<\/p>\n<p>&#8211; 3 fotos tipo carne, iguales y actuales.<\/p>\n<p>&#8211; Certificaci\u00f3n de notas original.<\/p>\n<p>&#8211; Los varones deben presentar la boleta original de cumplimiento del Servicio Militar, o en su defecto el Anexo 1, o el Aval de Trabajo Socialmente \u00datil y el Anexo 1 para que lo hicieron en esta modalidad.<\/p>\n<p>Los estudiantes del Curso Regular Diurno: pueden realizar la matr\u00edcula en l\u00ednea, a trav\u00e9s del siguiente enlace.<\/p>\n<p><a href=\"http:\/\/software.uniss.edu.cu\/Informatizacion\/TutorialesRed_UNISS\/Tutorial%20para%20matricula%20en\" target=\"_blank\" rel=\"noopener noreferrer nofollow\">http:\/\/software.uniss.edu.cu\/Informatizacion\/TutorialesRed_UNISS Tutorial%20para%20matricula%20en<\/a>%20linea%20UNISS.pdf<\/p>\n<p>Por su parte, la matr\u00edcula de los Cursos por Encuentro y a Distancia se realizar\u00e1 en la misma fecha. Los estudiantes de Sancti Sp\u00edritus realizar\u00e1n la matricula en las facultades y el resto de los territorios lo har\u00e1n de manera presencial en los Centros Universitarios de los municipios\u00a0 donde residen.<\/p>\n<p>En todos los casos se debe presentar:<\/p>\n<p>&#8211; Carn\u00e9 de Identidad en buen estado.<\/p>\n<p>&#8211; 3 fotos iguales y actuales<\/p>\n<p>&#8211; Certificaci\u00f3n de notas original<\/p>\n<p>Ya a las puertas del nuevo periodo acad\u00e9mico el claustro tiene listo los planes de estudio, la estrategia docente, y mucha voluntad y entrega para realizar un buen curso escolar en medio de las dif\u00edciles circunstancias que vive el pa\u00eds.<\/p>\n","protected":false},"excerpt":{"rendered":"<p>Un ir y venir diferentes se viven por estas jornadas en la Universidad de Sancti Sp\u00edritus Jos\u00e9 Mart\u00ed P\u00e9rez, previo al inicio del curso escolar 2026 \u2013 2027, un periodo que inicia este primero de\u00a0 septiembre, que en la casa de altos estudios asumir\u00e1 una matr\u00edcula de nuevo ingreso de alrededor de mil estudiantes.<\/p>\n","protected":false},"author":8,"featured_media":78902,"comment_status":"open","ping_status":"open","sticky":false,"template":"","format":"standard","meta":{"_acf_changed":false,"footnotes":""},"categories":[8,14,1],"tags":[1723],"coauthors":[1917],"class_list":["post-78901","post","type-post","status-publish","format-standard","has-post-thumbnail","hentry","category-noticia","category-educacion","category-sancti-spiritus","tag-universidad-de-sancti-spiritus-jose-marti-perez"],"acf":[],"_links":{"self":[{"href":"https:\/\/www.radiosanctispiritus.cu\/es\/wp-json\/wp\/v2\/posts\/78901","targetHints":{"allow":["GET"]}}],"collection":[{"href":"https:\/\/www.radiosanctispiritus.cu\/es\/wp-json\/wp\/v2\/posts"}],"about":[{"href":"https:\/\/www.radiosanctispiritus.cu\/es\/wp-json\/wp\/v2\/types\/post"}],"author":[{"embeddable":true,"href":"https:\/\/www.radiosanctispiritus.cu\/es\/wp-json\/wp\/v2\/users\/8"}],"replies":[{"embeddable":true,"href":"https:\/\/www.radiosanctispiritus.cu\/es\/wp-json\/wp\/v2\/comments?post=78901"}],"version-history":[{"count":2,"href":"https:\/\/www.radiosanctispiritus.cu\/es\/wp-json\/wp\/v2\/posts\/78901\/revisions"}],"predecessor-version":[{"id":78904,"href":"https:\/\/www.radiosanctispiritus.cu\/es\/wp-json\/wp\/v2\/posts\/78901\/revisions\/78904"}],"wp:featuredmedia":[{"embeddable":true,"href":"https:\/\/www.radiosanctispiritus.cu\/es\/wp-json\/wp\/v2\/media\/78902"}],"wp:attachment":[{"href":"https:\/\/www.radiosanctispiritus.cu\/es\/wp-json\/wp\/v2\/media?parent=78901"}],"wp:term":[{"taxonomy":"category","embeddable":true,"href":"https:\/\/www.radiosanctispiritus.cu\/es\/wp-json\/wp\/v2\/categories?post=78901"},{"taxonomy":"post_tag","embeddable":true,"href":"https:\/\/www.radiosanctispiritus.cu\/es\/wp-json\/wp\/v2\/tags?post=78901"},{"taxonomy":"author","embeddable":true,"href":"https:\/\/www.radiosanctispiritus.cu\/es\/wp-json\/wp\/v2\/coauthors?post=78901"}],"curies":[{"name":"wp","href":"https:\/\/api.w.org\/{rel}","templated":true}]}}