{"id":78885,"date":"2026-08-30T16:37:24","date_gmt":"2026-08-30T20:37:24","guid":{"rendered":"https:\/\/www.radiosanctispiritus.cu\/es\/?p=78885"},"modified":"2026-08-30T18:32:29","modified_gmt":"2026-08-30T22:32:29","slug":"apuntes-graficos-de-una-feria-que-movio-la-cotidianidad","status":"publish","type":"post","link":"https:\/\/www.radiosanctispiritus.cu\/es\/apuntes-graficos-de-una-feria-que-movio-la-cotidianidad\/","title":{"rendered":"Apuntes gr\u00e1ficos de una Feria que movi\u00f3 la cotidianidad"},"content":{"rendered":"<p>El centro de la ciudad y un poquito m\u00e1s all\u00e1 a\u00fan lo vive. La cotidianidad por estos d\u00edas se movi\u00f3 de otra manera.<\/p>\n<p>La XXXIV Feria Internacional del Libro de Sancti Sp\u00edritus fue el motivo, que bien aplauden generaciones de citadinos, porque hay din\u00e1micas imprescindibles.<\/p>\n<div id=\"attachment_78887\" style=\"width: 610px\" class=\"wp-caption aligncenter\"><img decoding=\"async\" aria-describedby=\"caption-attachment-78887\" class=\"size-medium wp-image-78887\" src=\"https:\/\/www.radiosanctispiritus.cu\/es\/wp-content\/uploads\/FERIA-DEL-LIBRO-a2-600x400.jpg\" alt=\"\" width=\"600\" height=\"400\" srcset=\"https:\/\/www.radiosanctispiritus.cu\/es\/wp-content\/uploads\/FERIA-DEL-LIBRO-a2-600x400.jpg 600w, https:\/\/www.radiosanctispiritus.cu\/es\/wp-content\/uploads\/FERIA-DEL-LIBRO-a2-1024x683.jpg 1024w, https:\/\/www.radiosanctispiritus.cu\/es\/wp-content\/uploads\/FERIA-DEL-LIBRO-a2-768x512.jpg 768w, https:\/\/www.radiosanctispiritus.cu\/es\/wp-content\/uploads\/FERIA-DEL-LIBRO-a2-1536x1024.jpg 1536w, https:\/\/www.radiosanctispiritus.cu\/es\/wp-content\/uploads\/FERIA-DEL-LIBRO-a2-2048x1365.jpg 2048w\" sizes=\"(max-width: 600px) 100vw, 600px\" \/><p id=\"caption-attachment-78887\" class=\"wp-caption-text\">Los espacios para la venta pusieron nuevos t\u00edtulos en manos del lector.<\/p><\/div>\n<p>No fueron muchos los textos como en otras oportunidades, pero desde los ni\u00f1os hasta los adultos encontraron intereses.<\/p>\n<p>Y unido a ello, novedades, tanto literarias como en otras manifestaciones del arte, que dinamizaron almas e hicieron el andar diario m\u00e1s agradable.<\/p>\n<div id=\"attachment_78888\" style=\"width: 610px\" class=\"wp-caption aligncenter\"><img decoding=\"async\" aria-describedby=\"caption-attachment-78888\" class=\"size-medium wp-image-78888\" src=\"https:\/\/www.radiosanctispiritus.cu\/es\/wp-content\/uploads\/FERIA-DEL-LIBRO-a3-600x465.jpg\" alt=\"\" width=\"600\" height=\"465\" srcset=\"https:\/\/www.radiosanctispiritus.cu\/es\/wp-content\/uploads\/FERIA-DEL-LIBRO-a3-600x465.jpg 600w, https:\/\/www.radiosanctispiritus.cu\/es\/wp-content\/uploads\/FERIA-DEL-LIBRO-a3-1024x794.jpg 1024w, https:\/\/www.radiosanctispiritus.cu\/es\/wp-content\/uploads\/FERIA-DEL-LIBRO-a3-768x596.jpg 768w, https:\/\/www.radiosanctispiritus.cu\/es\/wp-content\/uploads\/FERIA-DEL-LIBRO-a3-1536x1191.jpg 1536w, https:\/\/www.radiosanctispiritus.cu\/es\/wp-content\/uploads\/FERIA-DEL-LIBRO-a3-2048x1589.jpg 2048w\" sizes=\"(max-width: 600px) 100vw, 600px\" \/><p id=\"caption-attachment-78888\" class=\"wp-caption-text\">La ciudad se movi\u00f3 de manera diferente, entre libros y otras opciones.<\/p><\/div>\n<div id=\"attachment_78889\" style=\"width: 610px\" class=\"wp-caption aligncenter\"><img decoding=\"async\" aria-describedby=\"caption-attachment-78889\" class=\"size-medium wp-image-78889\" src=\"https:\/\/www.radiosanctispiritus.cu\/es\/wp-content\/uploads\/FERIA-DEL-LIBRO-a4-600x413.jpg\" alt=\"\" width=\"600\" height=\"413\" srcset=\"https:\/\/www.radiosanctispiritus.cu\/es\/wp-content\/uploads\/FERIA-DEL-LIBRO-a4-600x413.jpg 600w, https:\/\/www.radiosanctispiritus.cu\/es\/wp-content\/uploads\/FERIA-DEL-LIBRO-a4-1024x704.jpg 1024w, https:\/\/www.radiosanctispiritus.cu\/es\/wp-content\/uploads\/FERIA-DEL-LIBRO-a4-768x528.jpg 768w, https:\/\/www.radiosanctispiritus.cu\/es\/wp-content\/uploads\/FERIA-DEL-LIBRO-a4-1536x1056.jpg 1536w, https:\/\/www.radiosanctispiritus.cu\/es\/wp-content\/uploads\/FERIA-DEL-LIBRO-a4-2048x1408.jpg 2048w\" sizes=\"(max-width: 600px) 100vw, 600px\" \/><p id=\"caption-attachment-78889\" class=\"wp-caption-text\">La diversi\u00f3n, con agrupaciones art\u00edsticas, fue una constante.<\/p><\/div>\n<div id=\"attachment_78890\" style=\"width: 610px\" class=\"wp-caption aligncenter\"><img decoding=\"async\" aria-describedby=\"caption-attachment-78890\" class=\"size-medium wp-image-78890\" src=\"https:\/\/www.radiosanctispiritus.cu\/es\/wp-content\/uploads\/FERIA-DEL-LIBRO-a5-600x493.jpg\" alt=\"\" width=\"600\" height=\"493\" srcset=\"https:\/\/www.radiosanctispiritus.cu\/es\/wp-content\/uploads\/FERIA-DEL-LIBRO-a5-600x493.jpg 600w, https:\/\/www.radiosanctispiritus.cu\/es\/wp-content\/uploads\/FERIA-DEL-LIBRO-a5-1024x842.jpg 1024w, https:\/\/www.radiosanctispiritus.cu\/es\/wp-content\/uploads\/FERIA-DEL-LIBRO-a5-768x632.jpg 768w, https:\/\/www.radiosanctispiritus.cu\/es\/wp-content\/uploads\/FERIA-DEL-LIBRO-a5-1536x1263.jpg 1536w, https:\/\/www.radiosanctispiritus.cu\/es\/wp-content\/uploads\/FERIA-DEL-LIBRO-a5-2048x1684.jpg 2048w, https:\/\/www.radiosanctispiritus.cu\/es\/wp-content\/uploads\/FERIA-DEL-LIBRO-a5-145x120.jpg 145w\" sizes=\"(max-width: 600px) 100vw, 600px\" \/><p id=\"caption-attachment-78890\" class=\"wp-caption-text\">Los peque\u00f1os disfrutaron este momento.<\/p><\/div>\n<div id=\"attachment_78891\" style=\"width: 610px\" class=\"wp-caption aligncenter\"><img decoding=\"async\" aria-describedby=\"caption-attachment-78891\" class=\"size-medium wp-image-78891\" src=\"https:\/\/www.radiosanctispiritus.cu\/es\/wp-content\/uploads\/FERIA-DEL-LIBRO-a6-600x419.jpg\" alt=\"\" width=\"600\" height=\"419\" srcset=\"https:\/\/www.radiosanctispiritus.cu\/es\/wp-content\/uploads\/FERIA-DEL-LIBRO-a6-600x419.jpg 600w, https:\/\/www.radiosanctispiritus.cu\/es\/wp-content\/uploads\/FERIA-DEL-LIBRO-a6-1024x715.jpg 1024w, https:\/\/www.radiosanctispiritus.cu\/es\/wp-content\/uploads\/FERIA-DEL-LIBRO-a6-768x536.jpg 768w, https:\/\/www.radiosanctispiritus.cu\/es\/wp-content\/uploads\/FERIA-DEL-LIBRO-a6-1536x1073.jpg 1536w, https:\/\/www.radiosanctispiritus.cu\/es\/wp-content\/uploads\/FERIA-DEL-LIBRO-a6-2048x1430.jpg 2048w\" sizes=\"(max-width: 600px) 100vw, 600px\" \/><p id=\"caption-attachment-78891\" class=\"wp-caption-text\">El arte siempre presente.<\/p><\/div>\n<div id=\"attachment_78892\" style=\"width: 610px\" class=\"wp-caption aligncenter\"><img decoding=\"async\" aria-describedby=\"caption-attachment-78892\" class=\"size-medium wp-image-78892\" src=\"https:\/\/www.radiosanctispiritus.cu\/es\/wp-content\/uploads\/FERIA-DEL-LIBRO-a7-600x444.jpg\" alt=\"\" width=\"600\" height=\"444\" srcset=\"https:\/\/www.radiosanctispiritus.cu\/es\/wp-content\/uploads\/FERIA-DEL-LIBRO-a7-600x444.jpg 600w, https:\/\/www.radiosanctispiritus.cu\/es\/wp-content\/uploads\/FERIA-DEL-LIBRO-a7-1024x758.jpg 1024w, https:\/\/www.radiosanctispiritus.cu\/es\/wp-content\/uploads\/FERIA-DEL-LIBRO-a7-768x568.jpg 768w, https:\/\/www.radiosanctispiritus.cu\/es\/wp-content\/uploads\/FERIA-DEL-LIBRO-a7-1536x1137.jpg 1536w, https:\/\/www.radiosanctispiritus.cu\/es\/wp-content\/uploads\/FERIA-DEL-LIBRO-a7-2048x1516.jpg 2048w\" sizes=\"(max-width: 600px) 100vw, 600px\" \/><p id=\"caption-attachment-78892\" class=\"wp-caption-text\">Los mayores siempre llevan algo a los peque\u00f1os de casa.<\/p><\/div>\n<div id=\"attachment_78893\" style=\"width: 610px\" class=\"wp-caption aligncenter\"><img decoding=\"async\" aria-describedby=\"caption-attachment-78893\" class=\"size-medium wp-image-78893\" src=\"https:\/\/www.radiosanctispiritus.cu\/es\/wp-content\/uploads\/FERIA-DEL-LIBRO-a8-600x436.jpg\" alt=\"\" width=\"600\" height=\"436\" srcset=\"https:\/\/www.radiosanctispiritus.cu\/es\/wp-content\/uploads\/FERIA-DEL-LIBRO-a8-600x436.jpg 600w, https:\/\/www.radiosanctispiritus.cu\/es\/wp-content\/uploads\/FERIA-DEL-LIBRO-a8-1024x744.jpg 1024w, https:\/\/www.radiosanctispiritus.cu\/es\/wp-content\/uploads\/FERIA-DEL-LIBRO-a8-768x558.jpg 768w, https:\/\/www.radiosanctispiritus.cu\/es\/wp-content\/uploads\/FERIA-DEL-LIBRO-a8-1536x1116.jpg 1536w, https:\/\/www.radiosanctispiritus.cu\/es\/wp-content\/uploads\/FERIA-DEL-LIBRO-a8-2048x1488.jpg 2048w\" sizes=\"(max-width: 600px) 100vw, 600px\" \/><p id=\"caption-attachment-78893\" class=\"wp-caption-text\">Ediciones Luminaria present\u00f3 varios t\u00edtulos espirituanos.<\/p><\/div>\n","protected":false},"excerpt":{"rendered":"<p>El centro de la ciudad y un poquito m\u00e1s all\u00e1 a\u00fan lo vive. La cotidianidad por estos d\u00edas se movi\u00f3 de otra manera. La XXXIV Feria Internacional del Libro de Sancti Sp\u00edritus fue el motivo, que bien aplauden generaciones de citadinos, porque hay din\u00e1micas imprescindibles.<\/p>\n","protected":false},"author":15,"featured_media":78886,"comment_status":"open","ping_status":"open","sticky":false,"template":"","format":"standard","meta":{"_acf_changed":false,"footnotes":""},"categories":[8,6,11],"tags":[360,655,3396,446],"coauthors":[1884],"class_list":["post-78885","post","type-post","status-publish","format-standard","has-post-thumbnail","hentry","category-noticia","category-cultura","category-fotorreportaje","tag-cultura-espirituana","tag-feria-del-libro","tag-feria-del-libro-sancti-spiritus","tag-literatura"],"acf":[],"_links":{"self":[{"href":"https:\/\/www.radiosanctispiritus.cu\/es\/wp-json\/wp\/v2\/posts\/78885","targetHints":{"allow":["GET"]}}],"collection":[{"href":"https:\/\/www.radiosanctispiritus.cu\/es\/wp-json\/wp\/v2\/posts"}],"about":[{"href":"https:\/\/www.radiosanctispiritus.cu\/es\/wp-json\/wp\/v2\/types\/post"}],"author":[{"embeddable":true,"href":"https:\/\/www.radiosanctispiritus.cu\/es\/wp-json\/wp\/v2\/users\/15"}],"replies":[{"embeddable":true,"href":"https:\/\/www.radiosanctispiritus.cu\/es\/wp-json\/wp\/v2\/comments?post=78885"}],"version-history":[{"count":5,"href":"https:\/\/www.radiosanctispiritus.cu\/es\/wp-json\/wp\/v2\/posts\/78885\/revisions"}],"predecessor-version":[{"id":78927,"href":"https:\/\/www.radiosanctispiritus.cu\/es\/wp-json\/wp\/v2\/posts\/78885\/revisions\/78927"}],"wp:featuredmedia":[{"embeddable":true,"href":"https:\/\/www.radiosanctispiritus.cu\/es\/wp-json\/wp\/v2\/media\/78886"}],"wp:attachment":[{"href":"https:\/\/www.radiosanctispiritus.cu\/es\/wp-json\/wp\/v2\/media?parent=78885"}],"wp:term":[{"taxonomy":"category","embeddable":true,"href":"https:\/\/www.radiosanctispiritus.cu\/es\/wp-json\/wp\/v2\/categories?post=78885"},{"taxonomy":"post_tag","embeddable":true,"href":"https:\/\/www.radiosanctispiritus.cu\/es\/wp-json\/wp\/v2\/tags?post=78885"},{"taxonomy":"author","embeddable":true,"href":"https:\/\/www.radiosanctispiritus.cu\/es\/wp-json\/wp\/v2\/coauthors?post=78885"}],"curies":[{"name":"wp","href":"https:\/\/api.w.org\/{rel}","templated":true}]}}