{"id":78875,"date":"2026-08-30T09:21:20","date_gmt":"2026-08-30T13:21:20","guid":{"rendered":"https:\/\/www.radiosanctispiritus.cu\/es\/?p=78875"},"modified":"2026-08-30T09:21:59","modified_gmt":"2026-08-30T13:21:59","slug":"exasesor-de-obama-en-cuba-estamos-matando-de-hambre-a-la-gente-ahora-mismo","status":"publish","type":"post","link":"https:\/\/www.radiosanctispiritus.cu\/es\/exasesor-de-obama-en-cuba-estamos-matando-de-hambre-a-la-gente-ahora-mismo\/","title":{"rendered":"Exasesor de Obama: En Cuba \u00abestamos matando de hambre a la gente ahora mismo\u00bb"},"content":{"rendered":"<p>El exasesor del presidente Barack Obama,\u00a0 Ben Rodhes, fustig\u00f3 la actual pol\u00edtica estadounidense contra Cuba que est\u00e1 \u00abmatando de hambre a la gente\u00bb, en una conversaci\u00f3n con el actor, comediante y presentador televisivo Hasan Minjah.<\/p>\n<p>Rodhes se\u00f1al\u00f3 que la mayor parte del sufrimiento del pueblo cubano proviene de las acciones agresivas de EE.UU.<\/p>\n<p>Cubadebate ofrece a sus lectores la transcripci\u00f3n de las palabras de Rodhes:<\/p>\n<p>Declaraciones de Ben Rhodes a Hasan Minhaj en el podcast HMDK \/ Hasan Minhaj Doesn\u2019t Know<\/p>\n<p>Fecha: 28 de agosto de 2026<\/p>\n<blockquote class=\"instagram-media\" style=\"background: #FFF; border: 0; border-radius: 3px; box-shadow: 0 0 1px 0 rgba(0,0,0,0.5),0 1px 10px 0 rgba(0,0,0,0.15); margin: 1px; max-width: 540px; min-width: 326px; padding: 0; width: calc(100% - 2px);\" data-instgrm-captioned=\"\" data-instgrm-permalink=\"https:\/\/www.instagram.com\/reel\/DclTu3jxcQg\/?utm_source=ig_embed&amp;utm_campaign=loading\" data-instgrm-version=\"14\">\n<div style=\"padding: 16px;\">\n<p>&nbsp;<\/p>\n<div style=\"display: flex; flex-direction: row; align-items: center;\">\n<div style=\"background-color: #f4f4f4; border-radius: 50%; flex-grow: 0; height: 40px; margin-right: 14px; width: 40px;\"><\/div>\n<div style=\"display: flex; flex-direction: column; flex-grow: 1; justify-content: center;\">\n<div style=\"background-color: #f4f4f4; border-radius: 4px; flex-grow: 0; height: 14px; margin-bottom: 6px; width: 100px;\"><\/div>\n<div style=\"background-color: #f4f4f4; border-radius: 4px; flex-grow: 0; height: 14px; width: 60px;\"><\/div>\n<\/div>\n<\/div>\n<div style=\"padding: 19% 0;\"><\/div>\n<div style=\"display: block; height: 50px; margin: 0 auto 12px; width: 50px;\"><\/div>\n<div style=\"padding-top: 8px;\">\n<div style=\"color: #3897f0; font-family: Arial,sans-serif; font-size: 14px; font-style: normal; font-weight: 550; line-height: 18px;\">Ver esta publicaci\u00f3n en Instagram<\/div>\n<\/div>\n<div style=\"padding: 12.5% 0;\"><\/div>\n<div style=\"display: flex; flex-direction: row; margin-bottom: 14px; align-items: center;\">\n<div>\n<div style=\"background-color: #f4f4f4; border-radius: 50%; height: 12.5px; width: 12.5px; transform: translateX(0px) translateY(7px);\"><\/div>\n<div style=\"background-color: #f4f4f4; height: 12.5px; transform: rotate(-45deg) translateX(3px) translateY(1px); width: 12.5px; flex-grow: 0; margin-right: 14px; margin-left: 2px;\"><\/div>\n<div style=\"background-color: #f4f4f4; border-radius: 50%; height: 12.5px; width: 12.5px; transform: translateX(9px) translateY(-18px);\"><\/div>\n<\/div>\n<div style=\"margin-left: 8px;\">\n<div style=\"background-color: #f4f4f4; border-radius: 50%; flex-grow: 0; height: 20px; width: 20px;\"><\/div>\n<div style=\"width: 0; height: 0; border-top: 2px solid transparent; border-left: 6px solid #f4f4f4; border-bottom: 2px solid transparent; transform: translateX(16px) translateY(-4px) rotate(30deg);\"><\/div>\n<\/div>\n<div style=\"margin-left: auto;\">\n<div style=\"width: 0px; border-top: 8px solid #F4F4F4; border-right: 8px solid transparent; transform: translateY(16px);\"><\/div>\n<div style=\"background-color: #f4f4f4; flex-grow: 0; height: 12px; width: 16px; transform: translateY(-4px);\"><\/div>\n<div style=\"width: 0; height: 0; border-top: 8px solid #F4F4F4; border-left: 8px solid transparent; transform: translateY(-4px) translateX(8px);\"><\/div>\n<\/div>\n<\/div>\n<div style=\"display: flex; flex-direction: column; flex-grow: 1; justify-content: center; margin-bottom: 24px;\">\n<div style=\"background-color: #f4f4f4; border-radius: 4px; flex-grow: 0; height: 14px; margin-bottom: 6px; width: 224px;\"><\/div>\n<div style=\"background-color: #f4f4f4; border-radius: 4px; flex-grow: 0; height: 14px; width: 144px;\"><\/div>\n<\/div>\n<p>&nbsp;<\/p>\n<p style=\"color: #c9c8cd; font-family: Arial,sans-serif; font-size: 14px; line-height: 17px; margin-bottom: 0; margin-top: 8px; overflow: hidden; padding: 8px 0 7px; text-align: center; text-overflow: ellipsis; white-space: nowrap;\"><a style=\"color: #c9c8cd; font-family: Arial,sans-serif; font-size: 14px; font-style: normal; font-weight: normal; line-height: 17px; text-decoration: none;\" href=\"https:\/\/www.instagram.com\/reel\/DclTu3jxcQg\/?utm_source=ig_embed&amp;utm_campaign=loading\" target=\"_blank\" rel=\"noopener noreferrer nofollow\">Una publicaci\u00f3n compartida por Hasan Minhaj Doesn&#8217;t Know (@hmdk)<\/a><\/p>\n<\/div>\n<\/blockquote>\n<p><script async src=\"\/\/www.instagram.com\/embed.js\"><\/script><\/p>\n<p>&nbsp;<\/p>\n<p><strong>Hasan Minhaj:<\/strong><\/p>\n<p>La narrativa de los medios sobre Cuba siempre presenta al pa\u00eds como un lugar extremadamente pobre, extremadamente deprimente para vivir. La gente es pobre. Est\u00e1 sufriendo.<\/p>\n<p>Pero \u00bfcu\u00e1nto de ese sufrimiento proviene de las propias acciones de Estados Unidos?<\/p>\n<p>&nbsp;<\/p>\n<p><strong>Ben Rhodes:<\/strong><\/p>\n<p>Yo dir\u00eda que la mayor parte.<\/p>\n<p>A la narrativa medi\u00e1tica no le gusta decir eso. Dicen algo as\u00ed como: \u201cBueno, ya sabes, el Partido Comunista de Cuba gestiona mal la econom\u00eda\u201d.<\/p>\n<p>Pero aqu\u00ed est\u00e1 la cuesti\u00f3n: ha existido un embargo total contra Cuba. Y tambi\u00e9n est\u00e1 esto de que la designamos como Estado patrocinador del terrorismo.<\/p>\n<p>Porque lo que eso hace es impedirles el acceso al d\u00f3lar. Y la raz\u00f3n por la que esto es importante es que, si vas a Cuba, es uno de los lugares m\u00e1s pobres que vas a conocer.<\/p>\n<p>Ellos no eligen conducir autom\u00f3viles de los a\u00f1os cincuenta, \u00bfverdad? Esa es la imagen que la gente tiene en mente.<\/p>\n<p>No pueden comprar putos autos nuevos porque no tienen capacidad para acceder al d\u00f3lar. No pueden.<\/p>\n<p>Yo llegu\u00e9 al aeropuerto de La Habana. Quer\u00edan construir un aeropuerto nuevo. Quer\u00edan que los europeos les construyeran un aeropuerto nuevo.<\/p>\n<p>Pero ning\u00fan contratista europeo quer\u00eda hacerlo porque, literalmente, no pueden facilitar la transacci\u00f3n.<\/p>\n<p>Pusieron en marcha un sector privado. Justamente aquello que nosotros decimos que queremos que hagan.<\/p>\n<p>En Cuba hay personas que son propietarias de peque\u00f1os negocios sin que el Gobierno los controle: tiendas, taxis, restaurantes, \u00bfverdad?<\/p>\n<p>Yo fui a un paladar en Cuba con Jos\u00e9 Andr\u00e9s. Ya sabes, comida estupenda.<\/p>\n<p>Pero no pueden abrir su econom\u00eda si no hay nada a lo que conectar esa econom\u00eda.<\/p>\n<p>As\u00ed que, al mantenerlos herm\u00e9ticamente aislados, no les dejamos otra opci\u00f3n que seguir teniendo una econom\u00eda comunista controlada.<\/p>\n<p>Y despu\u00e9s afirmamos que el Partido Comunista la est\u00e1 gestionando mal.<\/p>\n<p>El Partido Comunista abrir\u00eda su econom\u00eda ma\u00f1ana mismo si pudiera.<\/p>\n<p>Cuando yo trataba con ellos, estaban estudiando Vietnam.<\/p>\n<p>Quer\u00edan ser como Vietnam.<\/p>\n<p>Y yo apostar\u00eda, por cierto, a que no podr\u00edan mantener el control pol\u00edtico, porque Vietnam no est\u00e1 a 90 millas de Florida.<\/p>\n<p>Pero es culpa nuestra.<\/p>\n<p>Estamos matando de hambre a la gente ahora mismo.<\/p>\n<p>Ahora que tenemos un bloqueo petrolero total, en Cuba se va la electricidad con bastante regularidad.<\/p>\n<p>He hablado personalmente con personas cubanas, cubanoamericanos, que han tenido familiares que murieron porque estaban conectados a un respirador y este dej\u00f3 de funcionar.<\/p>\n<p>Si se va la electricidad, la unidad de cuidados intensivos neonatales deja de funcionar. Los respiradores dejan de funcionar.<\/p>\n<p>Esos mismos familiares ni siquiera pudieron asistir a los funerales de las personas que murieron porque, \u00bfsabes qu\u00e9?<\/p>\n<p>Tampoco puedes mantener un cad\u00e1ver refrigerado sin electricidad.<\/p>\n<p>As\u00ed de oscuro es esto.<\/p>\n<p>As\u00ed que, mientras pasamos junto a Maduro en prisi\u00f3n, nosotros, los contribuyentes, estamos financiando una pol\u00edtica que est\u00e1 matando a ni\u00f1os y ancianos cubanos porque algunas personas en Florida quisieran recuperar esa isla.<\/p>\n<p>Y eso es de lo m\u00e1s jodido que puede haber.<\/p>\n","protected":false},"excerpt":{"rendered":"<p>El exasesor del presidente Barack Obama,\u00a0 Ben Rodhes, fustig\u00f3 la actual pol\u00edtica estadounidense contra Cuba que est\u00e1 \u00abmatando de hambre a la gente\u00bb, en una conversaci\u00f3n con el actor, comediante y presentador televisivo Hasan Minjah. Rodhes se\u00f1al\u00f3 que la mayor parte del sufrimiento del pueblo cubano proviene de las acciones agresivas de EE.UU. Cubadebate ofrece [&hellip;]<\/p>\n","protected":false},"author":26,"featured_media":78876,"comment_status":"open","ping_status":"open","sticky":false,"template":"","format":"standard","meta":{"_acf_changed":false,"footnotes":""},"categories":[8,3],"tags":[48,3402,1352],"coauthors":[1887],"class_list":["post-78875","post","type-post","status-publish","format-standard","has-post-thumbnail","hentry","category-noticia","category-cuba","tag-bloqueo-contra-cuba","tag-cuba-estados-unidos","tag-genocidio"],"acf":[],"_links":{"self":[{"href":"https:\/\/www.radiosanctispiritus.cu\/es\/wp-json\/wp\/v2\/posts\/78875","targetHints":{"allow":["GET"]}}],"collection":[{"href":"https:\/\/www.radiosanctispiritus.cu\/es\/wp-json\/wp\/v2\/posts"}],"about":[{"href":"https:\/\/www.radiosanctispiritus.cu\/es\/wp-json\/wp\/v2\/types\/post"}],"author":[{"embeddable":true,"href":"https:\/\/www.radiosanctispiritus.cu\/es\/wp-json\/wp\/v2\/users\/26"}],"replies":[{"embeddable":true,"href":"https:\/\/www.radiosanctispiritus.cu\/es\/wp-json\/wp\/v2\/comments?post=78875"}],"version-history":[{"count":1,"href":"https:\/\/www.radiosanctispiritus.cu\/es\/wp-json\/wp\/v2\/posts\/78875\/revisions"}],"predecessor-version":[{"id":78877,"href":"https:\/\/www.radiosanctispiritus.cu\/es\/wp-json\/wp\/v2\/posts\/78875\/revisions\/78877"}],"wp:featuredmedia":[{"embeddable":true,"href":"https:\/\/www.radiosanctispiritus.cu\/es\/wp-json\/wp\/v2\/media\/78876"}],"wp:attachment":[{"href":"https:\/\/www.radiosanctispiritus.cu\/es\/wp-json\/wp\/v2\/media?parent=78875"}],"wp:term":[{"taxonomy":"category","embeddable":true,"href":"https:\/\/www.radiosanctispiritus.cu\/es\/wp-json\/wp\/v2\/categories?post=78875"},{"taxonomy":"post_tag","embeddable":true,"href":"https:\/\/www.radiosanctispiritus.cu\/es\/wp-json\/wp\/v2\/tags?post=78875"},{"taxonomy":"author","embeddable":true,"href":"https:\/\/www.radiosanctispiritus.cu\/es\/wp-json\/wp\/v2\/coauthors?post=78875"}],"curies":[{"name":"wp","href":"https:\/\/api.w.org\/{rel}","templated":true}]}}