{"id":78871,"date":"2026-08-30T09:15:01","date_gmt":"2026-08-30T13:15:01","guid":{"rendered":"https:\/\/www.radiosanctispiritus.cu\/es\/?p=78871"},"modified":"2026-08-30T18:48:50","modified_gmt":"2026-08-30T22:48:50","slug":"presidente-diaz-canel-visita-sede-de-la-plataforma-soberania-18-servicios-digitales-ya-estan-en-linea","status":"publish","type":"post","link":"https:\/\/www.radiosanctispiritus.cu\/es\/presidente-diaz-canel-visita-sede-de-la-plataforma-soberania-18-servicios-digitales-ya-estan-en-linea\/","title":{"rendered":"Plataforma Soberan\u00eda ya con casi una veintena de servicios digitales en l\u00ednea"},"content":{"rendered":"<p><strong>El Presidente Miguel D\u00edaz-Canel Berm\u00fadez visit\u00f3 este s\u00e1bado el Centro de Gobierno Digital, entidad adscrita al Consejo de Ministros, donde el impulso a la transformaci\u00f3n digital busca el bienestar ciudadano<\/strong>, el mejoramiento de la eficiencia y transparencia de la gesti\u00f3n de gobierno, la administraci\u00f3n y los servicios p\u00fablicos, mediante las tecnolog\u00edas digitales, el aprovechamiento de datos, la informaci\u00f3n y la participaci\u00f3n ciudadana.<\/p>\n<p>La <a href=\"http:\/\/www.cubadebate.cu\/noticias\/2026\/08\/04\/habilitan-en-cuba-tramite-digital-de-proteccion-social-en-la-plataforma-soberania\/\" target=\"_blank\" rel=\"noopener noreferrer nofollow\">plataforma Soberan\u00eda<\/a> constituye la principal herramienta de cara a la ciudadan\u00eda en la gesti\u00f3n de gobierno digital y surgi\u00f3 tras la publicaci\u00f3n del Decreto 125 en la edici\u00f3n ordinaria n\u00famero 63 de la Gaceta Oficial, el 25 de julio del pasado a\u00f1o.<\/p>\n<p>El director del Centro de Gobierno Digital, ingeniero Wilfredo Gonz\u00e1lez Vidal, expuso ante el Presidente cubano los resultados del per\u00edodo de trabajo, considerado de reconocimiento, y que ahora transita por la ampliaci\u00f3n y perfeccionamiento de la gesti\u00f3n de los tr\u00e1mites digitales y su conexi\u00f3n con los ciudadanos y las diferentes instituciones del pa\u00eds.<\/p>\n<blockquote><p>Tras m\u00e1s de doce meses de funcionamiento, Gonz\u00e1lez Vidal apunt\u00f3 que disponen de dieciocho servicios en l\u00ednea, \u201clo que quiere decir que los ciudadanos pueden acceder desde la comodidad de su tel\u00e9fono o desde Internet en sus hogares para solicitar estos servicios\u201d.<\/p><\/blockquote>\n<p>Destac\u00f3, entre los servicios que se han realizado, <strong>las m\u00e1s de 24 mil solicitudes de pasaportes para mayores de 18 a\u00f1os y casi 40 mil de registros del estado civil. Cifras que, seg\u00fan Gonz\u00e1lez Vidal, a\u00fan son insuficientes, por lo que se necesita un mayor conocimiento de la poblaci\u00f3n sobre las posibilidades de Soberan\u00eda, as\u00ed como una mayor confianza en ella.<\/strong><\/p>\n<p>El director del Centro de Gobierno Digital se\u00f1al\u00f3 al Jefe de Estado que, aunque hasta la fecha se han verificado m\u00e1s de 43 mil identidades digitales a nivel nacional para el uso de la plataforma Soberan\u00eda, existen muchas potencialidades para continuar creciendo en el n\u00famero de personas que acceden al portal.<\/p>\n<p>En sus comentarios, D\u00edaz-Canel afirm\u00f3 que, en la medida en que las personas aprecien que los tr\u00e1mites se resuelven m\u00e1s r\u00e1pido y obtienen resultados mediante el uso de esta plataforma, se ir\u00e1 ganando una mayor confianza.<\/p>\n<h3>Desaf\u00edos por delante<\/h3>\n<div id=\"attachment_78873\" style=\"width: 610px\" class=\"wp-caption alignnone\"><img decoding=\"async\" aria-describedby=\"caption-attachment-78873\" class=\"size-medium wp-image-78873\" src=\"https:\/\/www.radiosanctispiritus.cu\/es\/wp-content\/uploads\/wilfredo-soberania-1536x1024-1-600x400.jpg\" alt=\"\" width=\"600\" height=\"400\" srcset=\"https:\/\/www.radiosanctispiritus.cu\/es\/wp-content\/uploads\/wilfredo-soberania-1536x1024-1-600x400.jpg 600w, https:\/\/www.radiosanctispiritus.cu\/es\/wp-content\/uploads\/wilfredo-soberania-1536x1024-1-1024x683.jpg 1024w, https:\/\/www.radiosanctispiritus.cu\/es\/wp-content\/uploads\/wilfredo-soberania-1536x1024-1-768x512.jpg 768w, https:\/\/www.radiosanctispiritus.cu\/es\/wp-content\/uploads\/wilfredo-soberania-1536x1024-1.jpg 1536w\" sizes=\"(max-width: 600px) 100vw, 600px\" \/><p id=\"caption-attachment-78873\" class=\"wp-caption-text\">El director del Centro de Gobierno Digital, ingeniero Wilfredo Gonz\u00e1lez Vidal<\/p><\/div>\n<p>Entre los desaf\u00edos futuros, el Centro de Gobierno Digital trabaja para contribuir a legitimar el uso de los documentos digitales en el pa\u00eds, a partir de la Resoluci\u00f3n 284 del Ministerio de Justicia, que plantea que el documento digital que se corresponda con los datos del Registro Central Nacional tiene igual valor que uno impreso.<\/p>\n<blockquote><p>\u201cEllo requiere, primero, de un conocimiento de parte de los funcionarios p\u00fablicos para que se respete ese derecho ciudadano \u2014acot\u00f3 Wilfredo Gonz\u00e1lez\u2014; tambi\u00e9n conlleva una preparaci\u00f3n y una cultura para que se entienda que Soberan\u00eda hoy genera una alternativa al m\u00e9todo presencial para acceder a nuevos servicios\u201d.<\/p><\/blockquote>\n<p>La plataforma mantiene hoy activas, entre otras, <strong>las doce solicitudes vinculadas con el registro civil, cinco servicios asociados con la identidad del ciudadano y con los cambios de ubicaci\u00f3n electoral, y, m\u00e1s recientemente, se pusieron a disposici\u00f3n de los ciudadanos el tr\u00e1mite de pasaporte para mayores de 18 a\u00f1os, y el servicio de atenci\u00f3n social vinculado con el encargo del Ministerio de Trabajo y Seguridad Social en la atenci\u00f3n a las personas con alguna vulnerabilidad.<\/strong><\/p>\n<p>\u201cPero el desaf\u00edo mayor es cultural \u2014consider\u00f3\u2014. Hablamos de organizar la administraci\u00f3n p\u00fablica de forma diferente, que genere m\u00e1s eficiencia y coloque al ciudadano en el centro del proceso, y que encuentre soluciones en lo vinculado a los servicios p\u00fablicos\u201d.<\/p>\n<p>Sostuvo igualmente que \u201clas administraciones p\u00fablicas deben actuar de manera m\u00e1s \u00e1gil, simplificar procesos y lograr un mayor uso de las tecnolog\u00edas para evitar el desplazamiento de los ciudadanos y gastos econ\u00f3micos innecesarios\u201d.<\/p>\n<h3>La mirada es continuar ampliando servicios<\/h3>\n<p>Durante la amplia presentaci\u00f3n, fueron mostrados al Presidente los avances de dos proyectos: uno de ellos permitir\u00e1 viabilizar la participaci\u00f3n y an\u00e1lisis de la poblaci\u00f3n sobre el contenido de las 176 transformaciones econ\u00f3micas y sociales aprobadas recientemente, que podr\u00eda derivar en el enriquecimiento de su contenido y en la participaci\u00f3n ciudadana en la toma de decisiones; el otro busca ofrecer a las personas la posibilidad de acceder a la disponibilidad de ofertas de empleo en los sectores estatal y no estatal, de acuerdo con sus capacidades.<\/p>\n<p>En este sentido, el Jefe de Estado destac\u00f3 los aportes que puede ofrecer este canal digital de comunicaci\u00f3n en ambos casos, desde el punto de vista de funcionalidad para facilitar el acceso de la poblaci\u00f3n al contenido de las transformaciones, su evaluaci\u00f3n y propuestas de nuevas ideas, y tambi\u00e9n para darle mayor visibilidad al mercado de empleo en el pa\u00eds.<\/p>\n<p>Para el director de Operaciones del Centro de Gobierno Digital, Rafael Santana Ferrera, la Plataforma Soberan\u00eda trabaja desde el concepto de la interacci\u00f3n del gobierno con sus ciudadanos, lo que permite insertar constantemente nuevos servicios.<\/p>\n<p>\u201cEste proyecto que hemos creado para el an\u00e1lisis de las 176 transformaciones es el principio de esta plataforma\u201d, puntualiz\u00f3.<\/p>\n<p>\u201cNuestra misi\u00f3n es propiciar el intercambio del gobierno con los ciudadanos en cualquier momento que se decida, para favorecer la toma de decisiones\u201d, asegur\u00f3.<\/p>\n<p>\u201cNuestra concepci\u00f3n es la de ir creando nuevos servicios con la defensa del principio del v\u00ednculo gobierno-ciudadano\u201d.<\/p>\n<p><strong>(Tomado de <a href=\"https:\/\/www.presidencia.gob.cu\/es\/noticias\/presidente-diaz-canel-visita-sede-de-la-plataforma-soberania-18-servicios-digitales-ya-estan-en-linea\/\" target=\"_blank\" rel=\"nofollow noopener\">Presidencia<\/a>)<\/strong><\/p>\n","protected":false},"excerpt":{"rendered":"<p>El Presidente Miguel D\u00edaz-Canel Berm\u00fadez visit\u00f3 este s\u00e1bado el Centro de Gobierno Digital, entidad adscrita al Consejo de Ministros, donde el impulso a la transformaci\u00f3n digital busca el bienestar ciudadano, el mejoramiento de la eficiencia y transparencia de la gesti\u00f3n de gobierno, la administraci\u00f3n y los servicios p\u00fablicos, mediante las tecnolog\u00edas digitales, el aprovechamiento de [&hellip;]<\/p>\n","protected":false},"author":26,"featured_media":78872,"comment_status":"open","ping_status":"open","sticky":false,"template":"","format":"standard","meta":{"_acf_changed":false,"footnotes":""},"categories":[8,3],"tags":[1481,2437],"coauthors":[1887],"class_list":["post-78871","post","type-post","status-publish","format-standard","has-post-thumbnail","hentry","category-noticia","category-cuba","tag-gobierno","tag-plataforma-soberania"],"acf":[],"_links":{"self":[{"href":"https:\/\/www.radiosanctispiritus.cu\/es\/wp-json\/wp\/v2\/posts\/78871","targetHints":{"allow":["GET"]}}],"collection":[{"href":"https:\/\/www.radiosanctispiritus.cu\/es\/wp-json\/wp\/v2\/posts"}],"about":[{"href":"https:\/\/www.radiosanctispiritus.cu\/es\/wp-json\/wp\/v2\/types\/post"}],"author":[{"embeddable":true,"href":"https:\/\/www.radiosanctispiritus.cu\/es\/wp-json\/wp\/v2\/users\/26"}],"replies":[{"embeddable":true,"href":"https:\/\/www.radiosanctispiritus.cu\/es\/wp-json\/wp\/v2\/comments?post=78871"}],"version-history":[{"count":2,"href":"https:\/\/www.radiosanctispiritus.cu\/es\/wp-json\/wp\/v2\/posts\/78871\/revisions"}],"predecessor-version":[{"id":78936,"href":"https:\/\/www.radiosanctispiritus.cu\/es\/wp-json\/wp\/v2\/posts\/78871\/revisions\/78936"}],"wp:featuredmedia":[{"embeddable":true,"href":"https:\/\/www.radiosanctispiritus.cu\/es\/wp-json\/wp\/v2\/media\/78872"}],"wp:attachment":[{"href":"https:\/\/www.radiosanctispiritus.cu\/es\/wp-json\/wp\/v2\/media?parent=78871"}],"wp:term":[{"taxonomy":"category","embeddable":true,"href":"https:\/\/www.radiosanctispiritus.cu\/es\/wp-json\/wp\/v2\/categories?post=78871"},{"taxonomy":"post_tag","embeddable":true,"href":"https:\/\/www.radiosanctispiritus.cu\/es\/wp-json\/wp\/v2\/tags?post=78871"},{"taxonomy":"author","embeddable":true,"href":"https:\/\/www.radiosanctispiritus.cu\/es\/wp-json\/wp\/v2\/coauthors?post=78871"}],"curies":[{"name":"wp","href":"https:\/\/api.w.org\/{rel}","templated":true}]}}