{"id":78866,"date":"2026-08-30T09:06:33","date_gmt":"2026-08-30T13:06:33","guid":{"rendered":"https:\/\/www.radiosanctispiritus.cu\/es\/?p=78866"},"modified":"2026-08-30T09:08:13","modified_gmt":"2026-08-30T13:08:13","slug":"cdr-en-fomento-convocan-a-redoblar-esfuerzos-en-tareas-medibles-previo-al-28-de-septiembre","status":"publish","type":"post","link":"https:\/\/www.radiosanctispiritus.cu\/es\/cdr-en-fomento-convocan-a-redoblar-esfuerzos-en-tareas-medibles-previo-al-28-de-septiembre\/","title":{"rendered":"CDR en Fomento convocan a redoblar esfuerzos en tareas medibles previo al 28 de septiembre"},"content":{"rendered":"<p class=\"ds-markdown-paragraph\"><span class=\"\">La Coordinaci\u00f3n Municipal de los Comit\u00e9s de Defensa de la Revoluci\u00f3n (CDR) en Fomento convoc\u00f3 a los dirigentes de base de esta organizaci\u00f3n de masas a redoblar esfuerzos para alcanzar el cumplimiento de las tareas medibles, en v\u00edsperas de la celebraci\u00f3n de un aniversario m\u00e1s de su fundaci\u00f3n, el pr\u00f3ximo 28 de septiembre.<\/span><\/p>\n<p><iframe src=\"https:\/\/www.ivoox.com\/player_ej_179687651_6_1.html?c1=84140c\" width=\"100%\" height=\"200\" frameborder=\"0\" allowfullscreen=\"\" scrolling=\"no\" loading=\"lazy\"><\/iframe><\/p>\n<p class=\"ds-markdown-paragraph\"><span class=\"\">Seg\u00fan declaraciones ofrecidas a nuestro espacio informativo por Zulema Galv\u00e1n Hern\u00e1ndez, coordinadora de los CDR en Fomento, el llamado de atenci\u00f3n del movimiento Mi Barrio por la Patria se centra en la unidad en favor de la paz en torno a la cuadra y al barrio, as\u00ed como en los dirigentes de zonas en la base. <\/span><\/p>\n<p class=\"ds-markdown-paragraph\"><span class=\"\">Se enfatiza en el cumplimiento de las tareas medibles: las donaciones de sangre, la recogida de materia prima, el aporte voluntario a la Patria, las finanzas y el completamiento de las estructuras de direcci\u00f3n en la base, indicadores que avalan los resultados en la labor cederista.<\/span><\/p>\n<p class=\"ds-markdown-paragraph\"><span class=\"\">Galv\u00e1n Hern\u00e1ndez agreg\u00f3 que existen comit\u00e9s rezagados en el cumplimiento de estas tareas, por lo que la exigencia y el control deber\u00e1n ser mayores, adem\u00e1s del fortalecimiento de la vigilancia ante posibles delitos.\u00a0<\/span><span class=\"\">\u00abPrevenir es lo mejor\u00bb, sentenci\u00f3 la coordinadora municipal de los CDR en el territorio fomentense.<\/span><\/p>\n","protected":false},"excerpt":{"rendered":"<p>La Coordinaci\u00f3n Municipal de los Comit\u00e9s de Defensa de la Revoluci\u00f3n (CDR) en Fomento convoc\u00f3 a los dirigentes de base de esta organizaci\u00f3n de masas a redoblar esfuerzos para alcanzar el cumplimiento de las tareas medibles, en v\u00edsperas de la celebraci\u00f3n de un aniversario m\u00e1s de su fundaci\u00f3n, el pr\u00f3ximo 28 de septiembre. Seg\u00fan declaraciones [&hellip;]<\/p>\n","protected":false},"author":185,"featured_media":78867,"comment_status":"open","ping_status":"open","sticky":false,"template":"","format":"standard","meta":{"_acf_changed":false,"footnotes":""},"categories":[8,9,1],"tags":[324,630],"coauthors":[1911],"class_list":["post-78866","post","type-post","status-publish","format-standard","has-post-thumbnail","hentry","category-noticia","category-en-audio","category-sancti-spiritus","tag-cdr","tag-fomento"],"acf":[],"_links":{"self":[{"href":"https:\/\/www.radiosanctispiritus.cu\/es\/wp-json\/wp\/v2\/posts\/78866","targetHints":{"allow":["GET"]}}],"collection":[{"href":"https:\/\/www.radiosanctispiritus.cu\/es\/wp-json\/wp\/v2\/posts"}],"about":[{"href":"https:\/\/www.radiosanctispiritus.cu\/es\/wp-json\/wp\/v2\/types\/post"}],"author":[{"embeddable":true,"href":"https:\/\/www.radiosanctispiritus.cu\/es\/wp-json\/wp\/v2\/users\/185"}],"replies":[{"embeddable":true,"href":"https:\/\/www.radiosanctispiritus.cu\/es\/wp-json\/wp\/v2\/comments?post=78866"}],"version-history":[{"count":3,"href":"https:\/\/www.radiosanctispiritus.cu\/es\/wp-json\/wp\/v2\/posts\/78866\/revisions"}],"predecessor-version":[{"id":78870,"href":"https:\/\/www.radiosanctispiritus.cu\/es\/wp-json\/wp\/v2\/posts\/78866\/revisions\/78870"}],"wp:featuredmedia":[{"embeddable":true,"href":"https:\/\/www.radiosanctispiritus.cu\/es\/wp-json\/wp\/v2\/media\/78867"}],"wp:attachment":[{"href":"https:\/\/www.radiosanctispiritus.cu\/es\/wp-json\/wp\/v2\/media?parent=78866"}],"wp:term":[{"taxonomy":"category","embeddable":true,"href":"https:\/\/www.radiosanctispiritus.cu\/es\/wp-json\/wp\/v2\/categories?post=78866"},{"taxonomy":"post_tag","embeddable":true,"href":"https:\/\/www.radiosanctispiritus.cu\/es\/wp-json\/wp\/v2\/tags?post=78866"},{"taxonomy":"author","embeddable":true,"href":"https:\/\/www.radiosanctispiritus.cu\/es\/wp-json\/wp\/v2\/coauthors?post=78866"}],"curies":[{"name":"wp","href":"https:\/\/api.w.org\/{rel}","templated":true}]}}