{"id":78862,"date":"2026-08-30T06:18:14","date_gmt":"2026-08-30T10:18:14","guid":{"rendered":"https:\/\/www.radiosanctispiritus.cu\/es\/?p=78862"},"modified":"2026-08-30T12:37:40","modified_gmt":"2026-08-30T16:37:40","slug":"estudiantes-del-politecnico-armando-de-la-rosa-cambiaran-de-escenario-educativo-durante-el-curso-2026-2027","status":"publish","type":"post","link":"https:\/\/www.radiosanctispiritus.cu\/es\/estudiantes-del-politecnico-armando-de-la-rosa-cambiaran-de-escenario-educativo-durante-el-curso-2026-2027\/","title":{"rendered":"Estudiantes del Polit\u00e9cnico Armando de la Rosa cambiar\u00e1n de escenario educativo"},"content":{"rendered":"<p class=\"ds-markdown-paragraph\"><span class=\"\">Los estudiantes del Instituto Polit\u00e9cnico Armando de la Rosa Ruiz, de Sancti Sp\u00edritus, cambiar\u00e1n su escenario educativo durante el curso escolar 2026-2027. As\u00ed lo inform\u00f3 Dayami Mursul\u00ed Su\u00e1rez, directora del referido centro, quien explic\u00f3 los pormenores de esta reubicaci\u00f3n temporal.<\/span><\/p>\n<p><iframe src=\"https:\/\/www.ivoox.com\/player_ej_179687030_6_1.html?c1=84140c\" width=\"100%\" height=\"200\" frameborder=\"0\" scrolling=\"no\" allowfullscreen=\"allowfullscreen\"><\/iframe><\/p>\n<p class=\"ds-markdown-paragraph\"><span class=\"\">\u00abEste curso no vamos a estar sesionando en nuestra querida escuela, en La Trinchera. Vamos a estarlo realizando en el Preuniversitario Honorato del Castillo\u00bb, precis\u00f3 la directora.<\/span><\/p>\n<p class=\"ds-markdown-paragraph\"><span class=\"\">Los alumnos de primero a tercer a\u00f1o, residentes en el municipio de Sancti Sp\u00edritus, recibir\u00e1n la docencia en esa instituci\u00f3n. El resto de los estudiantes, provenientes de otros territorios, ser\u00e1n ubicados, previo aviso, en las escuelas t\u00e9cnicas de sus respectivas localidades.<\/span><\/p>\n<p class=\"ds-markdown-paragraph\"><span class=\"\">En cuanto a los estudiantes de nuevo ingreso, Mursul\u00ed Su\u00e1rez a\u00f1adi\u00f3 que se impartir\u00e1n las especialidades de Inform\u00e1tica, Ordenamiento Territorial, Urbanismo, Geodesia y Cartograf\u00eda, as\u00ed como Derecho y Derecho Judicial, para un total de 340 estudiantes de primero a cuarto a\u00f1o.<\/span><\/p>\n<p class=\"ds-markdown-paragraph\"><span class=\"\">En el caso de los alumnos de cuarto a\u00f1o, continuar\u00e1n realizando la pr\u00e1ctica preprofesional, la cual culminar\u00e1 en el mes de diciembre con la presentaci\u00f3n de los ejercicios finales.<\/span><\/p>\n<p class=\"ds-markdown-paragraph\"><span class=\"\">De esta manera, los estudiantes espirituanos que cursan carreras t\u00e9cnicas en el Polit\u00e9cnico Armando de la Rosa recibir\u00e1n su formaci\u00f3n en el Preuniversitario Honorato del Castillo durante el pr\u00f3ximo per\u00edodo lectivo.<\/span><\/p>\n","protected":false},"excerpt":{"rendered":"<p>Los estudiantes del Instituto Polit\u00e9cnico Armando de la Rosa Ruiz, de Sancti Sp\u00edritus, cambiar\u00e1n su escenario educativo durante el curso escolar 2026-2027. As\u00ed lo inform\u00f3 Dayami Mursul\u00ed Su\u00e1rez, directora del referido centro, quien explic\u00f3 los pormenores de esta reubicaci\u00f3n temporal. \u00abEste curso no vamos a estar sesionando en nuestra querida escuela, en La Trinchera. Vamos [&hellip;]<\/p>\n","protected":false},"author":8,"featured_media":78865,"comment_status":"open","ping_status":"open","sticky":false,"template":"","format":"standard","meta":{"_acf_changed":false,"footnotes":""},"categories":[8,14,9,1],"tags":[1216,66],"coauthors":[1917],"class_list":["post-78862","post","type-post","status-publish","format-standard","has-post-thumbnail","hentry","category-noticia","category-educacion","category-en-audio","category-sancti-spiritus","tag-ensenanza-tecnico-profesional","tag-instituto-politecnico-armando-de-la-rosa"],"acf":[],"_links":{"self":[{"href":"https:\/\/www.radiosanctispiritus.cu\/es\/wp-json\/wp\/v2\/posts\/78862","targetHints":{"allow":["GET"]}}],"collection":[{"href":"https:\/\/www.radiosanctispiritus.cu\/es\/wp-json\/wp\/v2\/posts"}],"about":[{"href":"https:\/\/www.radiosanctispiritus.cu\/es\/wp-json\/wp\/v2\/types\/post"}],"author":[{"embeddable":true,"href":"https:\/\/www.radiosanctispiritus.cu\/es\/wp-json\/wp\/v2\/users\/8"}],"replies":[{"embeddable":true,"href":"https:\/\/www.radiosanctispiritus.cu\/es\/wp-json\/wp\/v2\/comments?post=78862"}],"version-history":[{"count":3,"href":"https:\/\/www.radiosanctispiritus.cu\/es\/wp-json\/wp\/v2\/posts\/78862\/revisions"}],"predecessor-version":[{"id":78882,"href":"https:\/\/www.radiosanctispiritus.cu\/es\/wp-json\/wp\/v2\/posts\/78862\/revisions\/78882"}],"wp:featuredmedia":[{"embeddable":true,"href":"https:\/\/www.radiosanctispiritus.cu\/es\/wp-json\/wp\/v2\/media\/78865"}],"wp:attachment":[{"href":"https:\/\/www.radiosanctispiritus.cu\/es\/wp-json\/wp\/v2\/media?parent=78862"}],"wp:term":[{"taxonomy":"category","embeddable":true,"href":"https:\/\/www.radiosanctispiritus.cu\/es\/wp-json\/wp\/v2\/categories?post=78862"},{"taxonomy":"post_tag","embeddable":true,"href":"https:\/\/www.radiosanctispiritus.cu\/es\/wp-json\/wp\/v2\/tags?post=78862"},{"taxonomy":"author","embeddable":true,"href":"https:\/\/www.radiosanctispiritus.cu\/es\/wp-json\/wp\/v2\/coauthors?post=78862"}],"curies":[{"name":"wp","href":"https:\/\/api.w.org\/{rel}","templated":true}]}}