{"id":78850,"date":"2026-08-30T06:30:33","date_gmt":"2026-08-30T10:30:33","guid":{"rendered":"https:\/\/www.radiosanctispiritus.cu\/es\/?p=78850"},"modified":"2026-08-30T16:43:03","modified_gmt":"2026-08-30T20:43:03","slug":"la-pintura-se-hizo-poema-el-realismo-magico-de-yudit-vidal-conquista-la-feria-del-libro-en-sancti-spiritus-fotos","status":"publish","type":"post","link":"https:\/\/www.radiosanctispiritus.cu\/es\/la-pintura-se-hizo-poema-el-realismo-magico-de-yudit-vidal-conquista-la-feria-del-libro-en-sancti-spiritus-fotos\/","title":{"rendered":"La pintura se hizo poema y ocupa espacio en galer\u00eda espirituana (+Fotos)"},"content":{"rendered":"<p class=\"ds-markdown-paragraph\"><span class=\"\">Como parte del programa del cap\u00edtulo espirituano de la XXXIV Feria Internacional del Libro, la Galer\u00eda de Arte Oscar Fern\u00e1ndez Morera, de la ciudad del Yayabo, acoge una sugerente exposici\u00f3n donde se fusiona la literatura con las artes visuales. Bajo el t\u00edtulo <\/span><em><span class=\"\">La pintura se hizo poema<\/span><\/em><span class=\"\">, la serie <\/span><em><span class=\"\">Esparcimiento an\u00edmico<\/span><\/em><span class=\"\">, de la reconocida artista visual Yudit Vidal Faife, inspir\u00f3 a escritores cubanos, consagrados y noveles.<\/span><\/p>\n<p><iframe src=\"https:\/\/www.ivoox.com\/player_ej_179693414_6_1.html?c1=a40000\" width=\"100%\" height=\"200\" frameborder=\"0\" scrolling=\"no\" allowfullscreen=\"allowfullscreen\"><\/iframe><\/p>\n<p class=\"ds-markdown-paragraph\"><span class=\"\">\u00abEs la serie surrealista que me caracteriza y que, en su vuelo, se convierte en el realismo m\u00e1gico que tienen cada una de las obras. Precisamente, por eso se han inspirado los poetas\u00bb, acot\u00f3 la creadora trinitaria, quien adem\u00e1s ostenta el t\u00edtulo de Embajadora Universal de la Paz por el C\u00edrculo Universal de los Embajadores de la Paz.<\/span><\/p>\n<div id=\"attachment_78852\" style=\"width: 610px\" class=\"wp-caption aligncenter\"><img decoding=\"async\" aria-describedby=\"caption-attachment-78852\" class=\"size-medium wp-image-78852\" src=\"https:\/\/www.radiosanctispiritus.cu\/es\/wp-content\/uploads\/feria-del-libro-en-sancti-spiritus-foto-lisandra-gomez-2-600x400.jpg\" alt=\"\" width=\"600\" height=\"400\" srcset=\"https:\/\/www.radiosanctispiritus.cu\/es\/wp-content\/uploads\/feria-del-libro-en-sancti-spiritus-foto-lisandra-gomez-2-600x400.jpg 600w, https:\/\/www.radiosanctispiritus.cu\/es\/wp-content\/uploads\/feria-del-libro-en-sancti-spiritus-foto-lisandra-gomez-2-768x512.jpg 768w, https:\/\/www.radiosanctispiritus.cu\/es\/wp-content\/uploads\/feria-del-libro-en-sancti-spiritus-foto-lisandra-gomez-2.jpg 800w\" sizes=\"(max-width: 600px) 100vw, 600px\" \/><p id=\"caption-attachment-78852\" class=\"wp-caption-text\">Las piezas de Yudit Vidal Faife inspiraron a escritores cubanos.<\/p><\/div>\n<p class=\"ds-markdown-paragraph\"><span class=\"\">Entre las firmas que participan en esta muestra se distinguen Juan Eduardo Bernal Echemend\u00eda, Reinol Cruz, Ariel Fonseca, Mar\u00eda del Rosario Basso, Rosa Mar\u00eda Garz\u00f3n, Yolanda Felicita Rodr\u00edguez y Antonio Rodr\u00edguez Salvador, entre otras voces reconocidas dentro del panorama literario.<\/span><\/p>\n<div id=\"attachment_78853\" style=\"width: 610px\" class=\"wp-caption aligncenter\"><img decoding=\"async\" aria-describedby=\"caption-attachment-78853\" class=\"size-medium wp-image-78853\" src=\"https:\/\/www.radiosanctispiritus.cu\/es\/wp-content\/uploads\/feria-del-libro-en-sancti-spiritus-foto-lisandra-gomez-3-600x400.jpg\" alt=\"\" width=\"600\" height=\"400\" srcset=\"https:\/\/www.radiosanctispiritus.cu\/es\/wp-content\/uploads\/feria-del-libro-en-sancti-spiritus-foto-lisandra-gomez-3-600x400.jpg 600w, https:\/\/www.radiosanctispiritus.cu\/es\/wp-content\/uploads\/feria-del-libro-en-sancti-spiritus-foto-lisandra-gomez-3-768x512.jpg 768w, https:\/\/www.radiosanctispiritus.cu\/es\/wp-content\/uploads\/feria-del-libro-en-sancti-spiritus-foto-lisandra-gomez-3.jpg 800w\" sizes=\"(max-width: 600px) 100vw, 600px\" \/><p id=\"caption-attachment-78853\" class=\"wp-caption-text\">La inauguraci\u00f3n de la muestra prestigi\u00f3 el programa del cap\u00edtulo espirituano de la XXXIV Feria Internacional del Libro.<\/p><\/div>\n<p class=\"ds-markdown-paragraph\"><span class=\"\">\u00ab<\/span><em><span class=\"\">Esparcimiento an\u00edmico<\/span><\/em><span class=\"\"> es una de mis primeras series. La retomo constantemente porque soy yo misma, es la naturaleza del ser humano, esa m\u00edstica y po\u00e9tica que tenemos todos. Ha sido maravillosa la colaboraci\u00f3n entre artistas del medio de las letras y de la pl\u00e1stica. Ver c\u00f3mo nacen poemas a partir de esos dibujos, que adem\u00e1s son muy coloridos, resulta extraordinario\u00bb, profundiz\u00f3 la entrevistada.<\/span><\/p>\n<div id=\"attachment_78856\" style=\"width: 610px\" class=\"wp-caption aligncenter\"><img decoding=\"async\" aria-describedby=\"caption-attachment-78856\" class=\"size-medium wp-image-78856\" src=\"https:\/\/www.radiosanctispiritus.cu\/es\/wp-content\/uploads\/feria-del-libro-en-sancti-spiritus-foto-lisandra-gomez-6-600x400.jpg\" alt=\"\" width=\"600\" height=\"400\" srcset=\"https:\/\/www.radiosanctispiritus.cu\/es\/wp-content\/uploads\/feria-del-libro-en-sancti-spiritus-foto-lisandra-gomez-6-600x400.jpg 600w, https:\/\/www.radiosanctispiritus.cu\/es\/wp-content\/uploads\/feria-del-libro-en-sancti-spiritus-foto-lisandra-gomez-6-768x512.jpg 768w, https:\/\/www.radiosanctispiritus.cu\/es\/wp-content\/uploads\/feria-del-libro-en-sancti-spiritus-foto-lisandra-gomez-6.jpg 800w\" sizes=\"(max-width: 600px) 100vw, 600px\" \/><p id=\"caption-attachment-78856\" class=\"wp-caption-text\">Yolanda Felicita Rodr\u00edguez y Juan Eduardo Bernal son dos de los autores de los textos que acompa\u00f1an los dibujos.<\/p><\/div>\n<div id=\"attachment_78851\" style=\"width: 610px\" class=\"wp-caption aligncenter\"><img decoding=\"async\" aria-describedby=\"caption-attachment-78851\" class=\"size-medium wp-image-78851\" src=\"https:\/\/www.radiosanctispiritus.cu\/es\/wp-content\/uploads\/feria-del-libro-en-sancti-spiritus-foto-lisandra-gomez-1-600x400.jpg\" alt=\"\" width=\"600\" height=\"400\" srcset=\"https:\/\/www.radiosanctispiritus.cu\/es\/wp-content\/uploads\/feria-del-libro-en-sancti-spiritus-foto-lisandra-gomez-1-600x400.jpg 600w, https:\/\/www.radiosanctispiritus.cu\/es\/wp-content\/uploads\/feria-del-libro-en-sancti-spiritus-foto-lisandra-gomez-1-768x512.jpg 768w, https:\/\/www.radiosanctispiritus.cu\/es\/wp-content\/uploads\/feria-del-libro-en-sancti-spiritus-foto-lisandra-gomez-1.jpg 800w\" sizes=\"(max-width: 600px) 100vw, 600px\" \/><p id=\"caption-attachment-78851\" class=\"wp-caption-text\">Rosa Mar\u00eda Garz\u00f3n (izquierda) es otra las autoras de los textos.<\/p><\/div>\n<p class=\"ds-markdown-paragraph\"><span class=\"\">Actualmente, se pueden disfrutar en la Galer\u00eda de Arte Oscar Fern\u00e1ndez Morera, de la ciudad del Yayabo, 23 de las 46 piezas que conforman la serie. \u00abEn un futuro tambi\u00e9n ser\u00e1n recopiladas en un libro. Ser\u00e1 el pr\u00f3ximo proyecto que tenemos, maravilloso tambi\u00e9n\u00bb, concluy\u00f3 Vidal Faife.<\/span><\/p>\n<div id=\"attachment_78855\" style=\"width: 610px\" class=\"wp-caption aligncenter\"><img decoding=\"async\" aria-describedby=\"caption-attachment-78855\" class=\"wp-image-78855 size-medium\" src=\"https:\/\/www.radiosanctispiritus.cu\/es\/wp-content\/uploads\/feria-del-libro-en-sancti-spiritus-foto-lisandra-gomez-5-600x400.jpg\" alt=\"\" width=\"600\" height=\"400\" srcset=\"https:\/\/www.radiosanctispiritus.cu\/es\/wp-content\/uploads\/feria-del-libro-en-sancti-spiritus-foto-lisandra-gomez-5-600x400.jpg 600w, https:\/\/www.radiosanctispiritus.cu\/es\/wp-content\/uploads\/feria-del-libro-en-sancti-spiritus-foto-lisandra-gomez-5-768x512.jpg 768w, https:\/\/www.radiosanctispiritus.cu\/es\/wp-content\/uploads\/feria-del-libro-en-sancti-spiritus-foto-lisandra-gomez-5.jpg 800w\" sizes=\"(max-width: 600px) 100vw, 600px\" \/><p id=\"caption-attachment-78855\" class=\"wp-caption-text\">Los p\u00fablicos pueden disfrutar en la galer\u00eda espirituana de 23 de las 46 piezas.<\/p><\/div>\n<p class=\"ds-markdown-paragraph\"><span class=\"\">La inauguraci\u00f3n de esta muestra personal enaltece el programa del cap\u00edtulo espirituano de la XXXIV Feria Internacional del Libro, que se despedir\u00e1 este domingo de Sancti Sp\u00edritus.<\/span><\/p>\n<div id=\"attachment_78857\" style=\"width: 610px\" class=\"wp-caption aligncenter\"><img decoding=\"async\" aria-describedby=\"caption-attachment-78857\" class=\"size-medium wp-image-78857\" src=\"https:\/\/www.radiosanctispiritus.cu\/es\/wp-content\/uploads\/feria-del-libro-en-sancti-spiritus-foto-lisandra-gomez-7-600x425.jpg\" alt=\"\" width=\"600\" height=\"425\" srcset=\"https:\/\/www.radiosanctispiritus.cu\/es\/wp-content\/uploads\/feria-del-libro-en-sancti-spiritus-foto-lisandra-gomez-7-600x425.jpg 600w, https:\/\/www.radiosanctispiritus.cu\/es\/wp-content\/uploads\/feria-del-libro-en-sancti-spiritus-foto-lisandra-gomez-7-768x544.jpg 768w, https:\/\/www.radiosanctispiritus.cu\/es\/wp-content\/uploads\/feria-del-libro-en-sancti-spiritus-foto-lisandra-gomez-7.jpg 800w\" sizes=\"(max-width: 600px) 100vw, 600px\" \/><p id=\"caption-attachment-78857\" class=\"wp-caption-text\">Esparcimiento an\u00edmico es surrealista.<\/p><\/div>\n<div id=\"attachment_78854\" style=\"width: 610px\" class=\"wp-caption aligncenter\"><img decoding=\"async\" aria-describedby=\"caption-attachment-78854\" class=\"wp-image-78854 size-medium\" src=\"https:\/\/www.radiosanctispiritus.cu\/es\/wp-content\/uploads\/feria-del-libro-en-sancti-spiritus-foto-lisandra-gomez-4-600x400.jpg\" alt=\"\" width=\"600\" height=\"400\" srcset=\"https:\/\/www.radiosanctispiritus.cu\/es\/wp-content\/uploads\/feria-del-libro-en-sancti-spiritus-foto-lisandra-gomez-4-600x400.jpg 600w, https:\/\/www.radiosanctispiritus.cu\/es\/wp-content\/uploads\/feria-del-libro-en-sancti-spiritus-foto-lisandra-gomez-4-768x512.jpg 768w, https:\/\/www.radiosanctispiritus.cu\/es\/wp-content\/uploads\/feria-del-libro-en-sancti-spiritus-foto-lisandra-gomez-4.jpg 800w\" sizes=\"(max-width: 600px) 100vw, 600px\" \/><p id=\"caption-attachment-78854\" class=\"wp-caption-text\">La artista trinitaria anunci\u00f3 que pr\u00f3ximamente La pintura se hizo poema llegar\u00e1 a las p\u00e1ginas de un libro.<\/p><\/div>\n","protected":false},"excerpt":{"rendered":"<p>Como parte del programa del cap\u00edtulo espirituano de la XXXIV Feria Internacional del Libro, la Galer\u00eda de Arte Oscar Fern\u00e1ndez Morera, de la ciudad del Yayabo, acoge una sugerente exposici\u00f3n donde se fusiona la literatura con las artes visuales.<\/p>\n","protected":false},"author":12,"featured_media":78858,"comment_status":"open","ping_status":"open","sticky":false,"template":"","format":"standard","meta":{"_acf_changed":false,"footnotes":""},"categories":[8,6,9,1],"tags":[282,655,1659],"coauthors":[1864],"class_list":["post-78850","post","type-post","status-publish","format-standard","has-post-thumbnail","hentry","category-noticia","category-cultura","category-en-audio","category-sancti-spiritus","tag-cultura","tag-feria-del-libro","tag-yudit-vidal-faife"],"acf":[],"_links":{"self":[{"href":"https:\/\/www.radiosanctispiritus.cu\/es\/wp-json\/wp\/v2\/posts\/78850","targetHints":{"allow":["GET"]}}],"collection":[{"href":"https:\/\/www.radiosanctispiritus.cu\/es\/wp-json\/wp\/v2\/posts"}],"about":[{"href":"https:\/\/www.radiosanctispiritus.cu\/es\/wp-json\/wp\/v2\/types\/post"}],"author":[{"embeddable":true,"href":"https:\/\/www.radiosanctispiritus.cu\/es\/wp-json\/wp\/v2\/users\/12"}],"replies":[{"embeddable":true,"href":"https:\/\/www.radiosanctispiritus.cu\/es\/wp-json\/wp\/v2\/comments?post=78850"}],"version-history":[{"count":5,"href":"https:\/\/www.radiosanctispiritus.cu\/es\/wp-json\/wp\/v2\/posts\/78850\/revisions"}],"predecessor-version":[{"id":78900,"href":"https:\/\/www.radiosanctispiritus.cu\/es\/wp-json\/wp\/v2\/posts\/78850\/revisions\/78900"}],"wp:featuredmedia":[{"embeddable":true,"href":"https:\/\/www.radiosanctispiritus.cu\/es\/wp-json\/wp\/v2\/media\/78858"}],"wp:attachment":[{"href":"https:\/\/www.radiosanctispiritus.cu\/es\/wp-json\/wp\/v2\/media?parent=78850"}],"wp:term":[{"taxonomy":"category","embeddable":true,"href":"https:\/\/www.radiosanctispiritus.cu\/es\/wp-json\/wp\/v2\/categories?post=78850"},{"taxonomy":"post_tag","embeddable":true,"href":"https:\/\/www.radiosanctispiritus.cu\/es\/wp-json\/wp\/v2\/tags?post=78850"},{"taxonomy":"author","embeddable":true,"href":"https:\/\/www.radiosanctispiritus.cu\/es\/wp-json\/wp\/v2\/coauthors?post=78850"}],"curies":[{"name":"wp","href":"https:\/\/api.w.org\/{rel}","templated":true}]}}