{"id":7814,"date":"2023-02-08T22:28:21","date_gmt":"2023-02-09T03:28:21","guid":{"rendered":"https:\/\/www.radiosanctispiritus.cu\/es\/?p=7814"},"modified":"2023-02-08T22:28:21","modified_gmt":"2023-02-09T03:28:21","slug":"firma-presidente-cubano-libro-de-condolencias-por-terremoto-en-turkiye","status":"publish","type":"post","link":"https:\/\/www.radiosanctispiritus.cu\/es\/firma-presidente-cubano-libro-de-condolencias-por-terremoto-en-turkiye\/","title":{"rendered":"Firma presidente cubano libro de condolencias por terremoto en T\u00fcrkiye"},"content":{"rendered":"<p>Miguel D\u00edaz-Canel Berm\u00fadez, Presidente de la Rep\u00fablica, firm\u00f3 en la tarde de este mi\u00e9rcoles en la embajada de T\u00fcrkiye en La Habana el libro de condolencias en memoria de las v\u00edctimas del terremoto ocurrido el pasado lunes en ese pa\u00eds.<\/p>\n<p>A trav\u00e9s de un mensaje en la red social Twitter, el Primer Secretario del Comit\u00e9 Central del Partido Comunista de Cuba expres\u00f3 al pueblo y gobierno de T\u00fcrkiye el profundo pesar por las secuelas causadas.<\/p>\n<p>Asimismo, el mandatario reiter\u00f3 la solidaridad de la Isla en este dif\u00edcil momento.<\/p>\n<p>\u201cAl firmar esta tarde en <a href=\"https:\/\/twitter.com\/TurkEmbHavana\" target=\"_blank\" rel=\"noopener noreferrer nofollow\">@TurkEmbHavana<\/a> el libro de condolencias en memoria de las v\u00edctimas del tr\u00e1gico terremoto del lunes, reiter\u00e9 al pueblo y gobierno de T\u00fcrkiye nuestro profundo pesar por las secuelas causadas y la solidaridad de <a href=\"https:\/\/twitter.com\/hashtag\/Cuba?src=hashtag_click\" target=\"_blank\" rel=\"noopener noreferrer nofollow\">#Cuba<\/a> en este dif\u00edcil momento\u201d.<\/p>\n<p>El presidente turco, Recep Tayyip Erdogan, visit\u00f3 hoy zonas de su pa\u00eds afectadas por los terremotos que sacudieron el lunes el sudeste de T\u00fcrkiye y el noroeste de Siria, calificados como los m\u00e1s violentos en las \u00faltimas d\u00e9cadas.<\/p>\n<p>M\u00e1s de 9 mil personas fallecieron en T\u00fcrkiye y se reportan m\u00e1s de 52 mil heridos a consecuencia de los terremotos que sacudieron este 6 de febrero el sudeste de T\u00fcrkiye y el noroeste de Siria, calificados como los m\u00e1s violentos en las \u00faltimas d\u00e9cadas.<\/p>\n","protected":false},"excerpt":{"rendered":"<p>D\u00edaz-Canel expres\u00f3 al pueblo y gobierno de T\u00fcrkiye el profundo pesar por las secuelas causadas.<\/p>\n","protected":false},"author":123,"featured_media":7815,"comment_status":"open","ping_status":"open","sticky":false,"template":"","format":"standard","meta":{"_acf_changed":false,"footnotes":""},"categories":[3,8],"tags":[258,667,668],"coauthors":[],"class_list":["post-7814","post","type-post","status-publish","format-standard","has-post-thumbnail","hentry","category-cuba","category-noticia","tag-cuba-turquia","tag-terremoto","tag-turkiye"],"acf":[],"_links":{"self":[{"href":"https:\/\/www.radiosanctispiritus.cu\/es\/wp-json\/wp\/v2\/posts\/7814","targetHints":{"allow":["GET"]}}],"collection":[{"href":"https:\/\/www.radiosanctispiritus.cu\/es\/wp-json\/wp\/v2\/posts"}],"about":[{"href":"https:\/\/www.radiosanctispiritus.cu\/es\/wp-json\/wp\/v2\/types\/post"}],"author":[{"embeddable":true,"href":"https:\/\/www.radiosanctispiritus.cu\/es\/wp-json\/wp\/v2\/users\/123"}],"replies":[{"embeddable":true,"href":"https:\/\/www.radiosanctispiritus.cu\/es\/wp-json\/wp\/v2\/comments?post=7814"}],"version-history":[{"count":0,"href":"https:\/\/www.radiosanctispiritus.cu\/es\/wp-json\/wp\/v2\/posts\/7814\/revisions"}],"wp:featuredmedia":[{"embeddable":true,"href":"https:\/\/www.radiosanctispiritus.cu\/es\/wp-json\/wp\/v2\/media\/7815"}],"wp:attachment":[{"href":"https:\/\/www.radiosanctispiritus.cu\/es\/wp-json\/wp\/v2\/media?parent=7814"}],"wp:term":[{"taxonomy":"category","embeddable":true,"href":"https:\/\/www.radiosanctispiritus.cu\/es\/wp-json\/wp\/v2\/categories?post=7814"},{"taxonomy":"post_tag","embeddable":true,"href":"https:\/\/www.radiosanctispiritus.cu\/es\/wp-json\/wp\/v2\/tags?post=7814"},{"taxonomy":"author","embeddable":true,"href":"https:\/\/www.radiosanctispiritus.cu\/es\/wp-json\/wp\/v2\/coauthors?post=7814"}],"curies":[{"name":"wp","href":"https:\/\/api.w.org\/{rel}","templated":true}]}}