{"id":7811,"date":"2023-02-08T22:14:19","date_gmt":"2023-02-09T03:14:19","guid":{"rendered":"https:\/\/www.radiosanctispiritus.cu\/es\/?p=7811"},"modified":"2023-02-08T22:14:19","modified_gmt":"2023-02-09T03:14:19","slug":"dialogo-diaz-canel-con-enviado-del-papa-francisco","status":"publish","type":"post","link":"https:\/\/www.radiosanctispiritus.cu\/es\/dialogo-diaz-canel-con-enviado-del-papa-francisco\/","title":{"rendered":"Dialog\u00f3 D\u00edaz-Canel con enviado del Papa Francisco"},"content":{"rendered":"<p>Miguel D\u00edaz-Canel Berm\u00fadez, Presidente de la Rep\u00fablica, sostuvo este mi\u00e9rcoles un intercambio con S.E.R. Cardenal Beniamino Stella, enviado del Papa Francisco.<\/p>\n<p>A trav\u00e9s de su cuenta en Twitter, el Primer Secretario del Comit\u00e9 Central del Partido Comunista de Cuba record\u00f3 el aniversario 25 del viaje apost\u00f3lico de Juan Pablo II a Cuba, y se\u00f1al\u00f3 que la hist\u00f3rica visita marc\u00f3 un momento trascendental en las relaciones entre el Vaticano y la Isla.<\/p>\n<p>\u201cHoy conmemoramos el 25 aniversario del viaje apost\u00f3lico de San Juan Pablo II a nuestro pa\u00eds, junto a S.E.R. Cardenal Beniamino Stella, enviado del Papa Francisco. Recordamos esa hist\u00f3rica visita como un momento trascendental en las relaciones entre el Vaticano y #Cuba\u201d.<\/p>\n<p>Durante el intercambio con el enviado del Papa Francisco, el Jefe de Estado renov\u00f3 el compromiso de Cuba de continuar trabajando por el fortalecimiento de las relaciones con la Santa Sede.<\/p>\n<p>Asimismo, agradeci\u00f3 los gestos de cercan\u00eda y afecto del Papa Francisco hacia el pueblo cubano.<\/p>\n<p>\u201cLuego sostuve grato intercambio con S.E.R. Cardenal Beniamino Stella. Renov\u00e9 el compromiso de #Cuba de continuar trabajando por el fortalecimiento de las relaciones con el Vaticano. Agradec\u00ed los gestos de cercan\u00eda y afecto del Papa Francisco hacia el pueblo cubano\u201d.<\/p>\n<p>Por su parte, Bruno Rodr\u00edguez Parrilla, ministro cubano de Relaciones Exteriores, resalt\u00f3 a trav\u00e9s de su cuenta en la misma red social que, durante su intercambio con S.E.R. Cardenal Beniamino Stella, se resalt\u00f3 el estado actual de las relaciones entre el Vaticano y Cuba, que arriban a su aniversario 88 en el presente a\u00f1o, as\u00ed como ratific\u00f3 la disposici\u00f3n de continuar trabajando en estrechar los v\u00ednculos.<\/p>\n<p>\u201cFue un placer conversar con S.E.R. Cardenal Beniamino Stella. Resaltamos el estado actual de las relaciones entre el Vaticano y #Cuba, que arriban este 2023 a su 88 aniversario, y ratificamos la disposici\u00f3n de continuar estrechando nuestros v\u00ednculos\u201d.<\/p>\n<p>Este mi\u00e9rcoles en el Aula Magna de la Universidad de La Habana se realiz\u00f3 el acto por el aniversario 25 del viaje apost\u00f3lico de San Juan Pablo II a la mayor de las Antillas.<\/p>\n<p>Estuvieron presentes el mandatario cubano, Miguel D\u00edaz-Canel; el cardenal Beniamino Stella, enviado del Papa Francisco; el canciller cubano, Bruno Rodr\u00edguez; Rogelio Polanco Fuentes, miembro del Secretariado del CC-PCC y jefe del Departamento Ideol\u00f3gico, y Miriam Nicado Garc\u00eda, rectora de esa casa de altos estudios.<\/p>\n","protected":false},"excerpt":{"rendered":"<p>Durante el intercambio con el enviado del Papa Francisco, el Jefe de Estado renov\u00f3 el compromiso de Cuba de continuar trabajando por el fortalecimiento de las relaciones con la Santa Sede.<\/p>\n","protected":false},"author":123,"featured_media":7812,"comment_status":"open","ping_status":"open","sticky":false,"template":"","format":"standard","meta":{"_acf_changed":false,"footnotes":""},"categories":[3,8],"tags":[629,28,176],"coauthors":[],"class_list":["post-7811","post","type-post","status-publish","format-standard","has-post-thumbnail","hentry","category-cuba","category-noticia","tag-cuba-religion","tag-miguel-diaz-canel","tag-papa-francisco"],"acf":[],"_links":{"self":[{"href":"https:\/\/www.radiosanctispiritus.cu\/es\/wp-json\/wp\/v2\/posts\/7811","targetHints":{"allow":["GET"]}}],"collection":[{"href":"https:\/\/www.radiosanctispiritus.cu\/es\/wp-json\/wp\/v2\/posts"}],"about":[{"href":"https:\/\/www.radiosanctispiritus.cu\/es\/wp-json\/wp\/v2\/types\/post"}],"author":[{"embeddable":true,"href":"https:\/\/www.radiosanctispiritus.cu\/es\/wp-json\/wp\/v2\/users\/123"}],"replies":[{"embeddable":true,"href":"https:\/\/www.radiosanctispiritus.cu\/es\/wp-json\/wp\/v2\/comments?post=7811"}],"version-history":[{"count":0,"href":"https:\/\/www.radiosanctispiritus.cu\/es\/wp-json\/wp\/v2\/posts\/7811\/revisions"}],"wp:featuredmedia":[{"embeddable":true,"href":"https:\/\/www.radiosanctispiritus.cu\/es\/wp-json\/wp\/v2\/media\/7812"}],"wp:attachment":[{"href":"https:\/\/www.radiosanctispiritus.cu\/es\/wp-json\/wp\/v2\/media?parent=7811"}],"wp:term":[{"taxonomy":"category","embeddable":true,"href":"https:\/\/www.radiosanctispiritus.cu\/es\/wp-json\/wp\/v2\/categories?post=7811"},{"taxonomy":"post_tag","embeddable":true,"href":"https:\/\/www.radiosanctispiritus.cu\/es\/wp-json\/wp\/v2\/tags?post=7811"},{"taxonomy":"author","embeddable":true,"href":"https:\/\/www.radiosanctispiritus.cu\/es\/wp-json\/wp\/v2\/coauthors?post=7811"}],"curies":[{"name":"wp","href":"https:\/\/api.w.org\/{rel}","templated":true}]}}