{"id":7718,"date":"2023-02-06T23:09:16","date_gmt":"2023-02-07T04:09:16","guid":{"rendered":"https:\/\/www.radiosanctispiritus.cu\/es\/?p=7718"},"modified":"2023-02-06T23:09:16","modified_gmt":"2023-02-07T04:09:16","slug":"alba-tcp-expreso-su-solidaridad-con-pueblos-de-turkiye-y-siria","status":"publish","type":"post","link":"https:\/\/www.radiosanctispiritus.cu\/es\/alba-tcp-expreso-su-solidaridad-con-pueblos-de-turkiye-y-siria\/","title":{"rendered":"ALBA-TCP expres\u00f3 su solidaridad con pueblos de T\u00fcrkiye y Siria"},"content":{"rendered":"<p>El secretario ejecutivo del ALBA-TCP, F\u00e9lix Plasencia, expres\u00f3 este lunes su solidaridad con los pueblos de T\u00fcrkiye y Siria, tras el devastador terremoto que dej\u00f3 miles m\u00e1s de mil muertos, heridos y cuantiosos da\u00f1os materiales en ambos pa\u00edses.<\/p>\n<p>En nombre de la Secretar\u00eda de la Alianza Bolivariana para los Pueblos de Nuestra Am\u00e9rica-Tratado de Comercio de los Pueblos (ALBA-TCP), Plasencia se uni\u00f3 al duelo por las v\u00edctimas del desastre natural ocurrido en la provincia de Kahranmanmaras, escribi\u00f3 en su cuenta en Twitter.<\/p>\n<p>Enviamos nuestro amor y solidaridad al pueblo y al Gobierno de la Rep\u00fablica de T\u00fcrkiye, se\u00f1al\u00f3.<\/p>\n<p>En otro mensaje, el tambi\u00e9n diplom\u00e1tico venezolano manifest\u00f3 su solidaridad con el luto de las v\u00edctimas del terremoto en Siria y \u201cles expresamos nuestra solidaridad y cari\u00f1o\u201d, dijo en nombre de los miembros del bloque de integraci\u00f3n.<\/p>\n<p>Tambi\u00e9n este lunes, el presidente de Venezuela, Nicol\u00e1s Maduro, expres\u00f3 su apoyo a los pueblos de T\u00fcrkiye y Siria por el terremoto que afect\u00f3 regiones de esos dos pa\u00edses.<\/p>\n<p>\u201cExpresamos condolencias a los familiares de las v\u00edctimas, al pueblo turco y sirio. \u00a1Fuerza! \u00a1Un Abrazo!\u201d, escribi\u00f3 el gobernante en su cuenta de esa red social.<\/p>\n<p>El jefe de Estado envi\u00f3 su respaldo a \u201cnuestros hermanos y hermanas de T\u00fcrkiye y Siria\u201d, afectados por varios sismos que desafortunadamente dejan p\u00e9rdidas humanas, heridos y desaparecidos, indic\u00f3.<\/p>\n<p>Un comunicado del Ministerio del Poder Popular para Relaciones Exteriores extendi\u00f3 su dolor ante el fuerte terremoto de magnitud 7,8 grados, registrado en el sur de T\u00fcrkiye, que tambi\u00e9n alcanz\u00f3 varias regiones de la vecina Siria y de otros Estados de la regi\u00f3n.<\/p>\n<p>El Gobierno bolivariano transmiti\u00f3 sus condolencias a los pueblos y Gobiernos de Ankara y Damasco, enunci\u00f3 su solidaridad a los familiares de las v\u00edctimas y elev\u00f3 sus oraciones por la pronta recuperaci\u00f3n de los numerosos heridos.<\/p>\n<p>Venezuela, ante este tr\u00e1gico evento, mostr\u00f3 su disposici\u00f3n de preparar apoyo inmediato, asistencia y la ayuda necesaria a los esfuerzos de los gobiernos de T\u00fcrkiye y Siria para recuperar, cuanto antes, el normal funcionamiento de las regiones afectadas.<\/p>\n","protected":false},"excerpt":{"rendered":"<p>El secretario ejecutivo del ALBA-TCP, F\u00e9lix Plasencia, expres\u00f3 este lunes su solidaridad con los pueblos de T\u00fcrkiye y Siria, tras el devastador terremoto que dej\u00f3 miles m\u00e1s de mil muertos, heridos y cuantiosos da\u00f1os materiales en ambos pa\u00edses.<\/p>\n","protected":false},"author":22,"featured_media":7719,"comment_status":"open","ping_status":"open","sticky":false,"template":"","format":"standard","meta":{"_acf_changed":false,"footnotes":""},"categories":[4,8],"tags":[380],"coauthors":[],"class_list":["post-7718","post","type-post","status-publish","format-standard","has-post-thumbnail","hentry","category-internacionales","category-noticia","tag-alba-tcp"],"acf":[],"_links":{"self":[{"href":"https:\/\/www.radiosanctispiritus.cu\/es\/wp-json\/wp\/v2\/posts\/7718","targetHints":{"allow":["GET"]}}],"collection":[{"href":"https:\/\/www.radiosanctispiritus.cu\/es\/wp-json\/wp\/v2\/posts"}],"about":[{"href":"https:\/\/www.radiosanctispiritus.cu\/es\/wp-json\/wp\/v2\/types\/post"}],"author":[{"embeddable":true,"href":"https:\/\/www.radiosanctispiritus.cu\/es\/wp-json\/wp\/v2\/users\/22"}],"replies":[{"embeddable":true,"href":"https:\/\/www.radiosanctispiritus.cu\/es\/wp-json\/wp\/v2\/comments?post=7718"}],"version-history":[{"count":0,"href":"https:\/\/www.radiosanctispiritus.cu\/es\/wp-json\/wp\/v2\/posts\/7718\/revisions"}],"wp:featuredmedia":[{"embeddable":true,"href":"https:\/\/www.radiosanctispiritus.cu\/es\/wp-json\/wp\/v2\/media\/7719"}],"wp:attachment":[{"href":"https:\/\/www.radiosanctispiritus.cu\/es\/wp-json\/wp\/v2\/media?parent=7718"}],"wp:term":[{"taxonomy":"category","embeddable":true,"href":"https:\/\/www.radiosanctispiritus.cu\/es\/wp-json\/wp\/v2\/categories?post=7718"},{"taxonomy":"post_tag","embeddable":true,"href":"https:\/\/www.radiosanctispiritus.cu\/es\/wp-json\/wp\/v2\/tags?post=7718"},{"taxonomy":"author","embeddable":true,"href":"https:\/\/www.radiosanctispiritus.cu\/es\/wp-json\/wp\/v2\/coauthors?post=7718"}],"curies":[{"name":"wp","href":"https:\/\/api.w.org\/{rel}","templated":true}]}}