{"id":771,"date":"2022-08-07T14:35:57","date_gmt":"2022-08-07T18:35:57","guid":{"rendered":"https:\/\/www.radiosanctispiritus.cu\/es\/?p=771"},"modified":"2022-08-07T14:35:57","modified_gmt":"2022-08-07T18:35:57","slug":"cupet-informa-sobre-accidente-de-camion-cisterna","status":"publish","type":"post","link":"https:\/\/www.radiosanctispiritus.cu\/es\/cupet-informa-sobre-accidente-de-camion-cisterna\/","title":{"rendered":"Cupet informa sobre accidente de cami\u00f3n cisterna"},"content":{"rendered":"<p>Cupet informa que en horas de la ma\u00f1ana se hoy\u00a0<b>se produjo un accidente de un cami\u00f3n r\u00edgido cisterna matr\u00edcula B231121, perteneciente a la empresa TRANSCUPET.<\/b><\/p>\n<p>El equipo transportaba nafta solvente de uso industrial.<\/p>\n<p>El incidente se produjo en la V\u00eda Blanca, cerca del puente de Canas\u00ed.\u00a0<b>No hay perdida de vidas humanas.<\/b>\u00a0Continuaremos ampliando la informaci\u00f3n relacionada con este accidente.<\/p>\n","protected":false},"excerpt":{"rendered":"<p>Cupet informa que en horas de la ma\u00f1ana se hoy\u00a0se produjo un accidente de un cami\u00f3n r\u00edgido cisterna matr\u00edcula B231121, perteneciente a la empresa TRANSCUPET. El equipo transportaba nafta solvente de uso industrial. El incidente se produjo en la V\u00eda Blanca, cerca del puente de Canas\u00ed.\u00a0No hay perdida de vidas humanas.\u00a0Continuaremos ampliando la informaci\u00f3n relacionada [&hellip;]<\/p>\n","protected":false},"author":26,"featured_media":773,"comment_status":"open","ping_status":"open","sticky":false,"template":"","format":"standard","meta":{"_acf_changed":false,"footnotes":""},"categories":[3,8],"tags":[145,136,146,50,147,148],"coauthors":[],"class_list":["post-771","post","type-post","status-publish","format-standard","has-post-thumbnail","hentry","category-cuba","category-noticia","tag-accidente","tag-bomberos","tag-camioneros","tag-cuba","tag-cuerpo-de-bomberos-de-cuba","tag-explosion"],"acf":[],"_links":{"self":[{"href":"https:\/\/www.radiosanctispiritus.cu\/es\/wp-json\/wp\/v2\/posts\/771","targetHints":{"allow":["GET"]}}],"collection":[{"href":"https:\/\/www.radiosanctispiritus.cu\/es\/wp-json\/wp\/v2\/posts"}],"about":[{"href":"https:\/\/www.radiosanctispiritus.cu\/es\/wp-json\/wp\/v2\/types\/post"}],"author":[{"embeddable":true,"href":"https:\/\/www.radiosanctispiritus.cu\/es\/wp-json\/wp\/v2\/users\/26"}],"replies":[{"embeddable":true,"href":"https:\/\/www.radiosanctispiritus.cu\/es\/wp-json\/wp\/v2\/comments?post=771"}],"version-history":[{"count":0,"href":"https:\/\/www.radiosanctispiritus.cu\/es\/wp-json\/wp\/v2\/posts\/771\/revisions"}],"wp:featuredmedia":[{"embeddable":true,"href":"https:\/\/www.radiosanctispiritus.cu\/es\/wp-json\/wp\/v2\/media\/773"}],"wp:attachment":[{"href":"https:\/\/www.radiosanctispiritus.cu\/es\/wp-json\/wp\/v2\/media?parent=771"}],"wp:term":[{"taxonomy":"category","embeddable":true,"href":"https:\/\/www.radiosanctispiritus.cu\/es\/wp-json\/wp\/v2\/categories?post=771"},{"taxonomy":"post_tag","embeddable":true,"href":"https:\/\/www.radiosanctispiritus.cu\/es\/wp-json\/wp\/v2\/tags?post=771"},{"taxonomy":"author","embeddable":true,"href":"https:\/\/www.radiosanctispiritus.cu\/es\/wp-json\/wp\/v2\/coauthors?post=771"}],"curies":[{"name":"wp","href":"https:\/\/api.w.org\/{rel}","templated":true}]}}