{"id":770,"date":"2022-08-07T14:36:06","date_gmt":"2022-08-07T18:36:06","guid":{"rendered":"https:\/\/www.radiosanctispiritus.cu\/es\/?p=770"},"modified":"2022-08-07T14:36:06","modified_gmt":"2022-08-07T18:36:06","slug":"llega-a-matanzas-ayuda-desde-venezuela-35-especialistas-de-pdvsa-y-20-toneladas-de-insumos","status":"publish","type":"post","link":"https:\/\/www.radiosanctispiritus.cu\/es\/llega-a-matanzas-ayuda-desde-venezuela-35-especialistas-de-pdvsa-y-20-toneladas-de-insumos\/","title":{"rendered":"Llega a Matanzas ayuda desde Venezuela: 35 especialistas de PDVSA y 20 toneladas de insumos"},"content":{"rendered":"<p>En la madrugada de este domingo 7 de agosto\u00a0<strong>arrib\u00f3 al aeropuerto internacional Juan Gualberto G\u00f3mez de Varadero la aeronave A340-600 de la aerol\u00ednea Conviasa, procedente de Venezuela, con la ayuda solidaria<\/strong>\u00a0para contribuir a sofocar el incendio de grandes proporciones desatado en la Base de Supertanqueros, ubicada en la zona industrial de la ciudad de Matanzas.<\/p>\n<p><strong>La misi\u00f3n est\u00e1 compuesta por 35 bomberos especialistas y t\u00e9cnicos de Petr\u00f3leos de Venezuela, SA (PDVSA)<\/strong>, \u201cde los m\u00e1s capacitados en este tipo de siniestros, para apoyar las labores de extinci\u00f3n del incendio en Matanzas\u201d, escribi\u00f3 el ministro Tareck El Aissami en Twitter.<\/p>\n<p>Este env\u00edo de personal e insumos se realiz\u00f3 tras las declaraciones del presidente Nicol\u00e1s Maduro:\u00a0<strong>\u201cReciban el abrazo bolivariano, \u00a1no est\u00e1n solos! Tenemos plena disposici\u00f3n para brindar la ayuda necesaria\u201d<\/strong>.<\/p>\n<p>Adem\u00e1s de Venezuela y M\u00e9xico, pa\u00edses como Nicaragua, Chile, Estados Unidos y el bloque de la Uni\u00f3n Europea (UE) expresaron su disposici\u00f3n para colaborar a extinguir el incendio en Matanzas.<\/p>\n","protected":false},"excerpt":{"rendered":"<p>En la madrugada de este domingo 7 de agosto\u00a0arrib\u00f3 al aeropuerto internacional Juan Gualberto G\u00f3mez de Varadero la aeronave A340-600 de la aerol\u00ednea Conviasa, procedente de Venezuela, con la ayuda solidaria\u00a0para contribuir a sofocar el incendio de grandes proporciones desatado en la Base de Supertanqueros, ubicada en la zona industrial de la ciudad de Matanzas.<\/p>\n","protected":false},"author":26,"featured_media":772,"comment_status":"open","ping_status":"open","sticky":false,"template":"","format":"standard","meta":{"_acf_changed":false,"footnotes":""},"categories":[3,8],"tags":[145,136,50,148,134,135,149,150,151,152],"coauthors":[],"class_list":["post-770","post","type-post","status-publish","format-standard","has-post-thumbnail","hentry","category-cuba","category-noticia","tag-accidente","tag-bomberos","tag-cuba","tag-explosion","tag-incendio","tag-matanzas","tag-pdvsa","tag-petroleo","tag-solidaridad","tag-venezuela"],"acf":[],"_links":{"self":[{"href":"https:\/\/www.radiosanctispiritus.cu\/es\/wp-json\/wp\/v2\/posts\/770","targetHints":{"allow":["GET"]}}],"collection":[{"href":"https:\/\/www.radiosanctispiritus.cu\/es\/wp-json\/wp\/v2\/posts"}],"about":[{"href":"https:\/\/www.radiosanctispiritus.cu\/es\/wp-json\/wp\/v2\/types\/post"}],"author":[{"embeddable":true,"href":"https:\/\/www.radiosanctispiritus.cu\/es\/wp-json\/wp\/v2\/users\/26"}],"replies":[{"embeddable":true,"href":"https:\/\/www.radiosanctispiritus.cu\/es\/wp-json\/wp\/v2\/comments?post=770"}],"version-history":[{"count":0,"href":"https:\/\/www.radiosanctispiritus.cu\/es\/wp-json\/wp\/v2\/posts\/770\/revisions"}],"wp:featuredmedia":[{"embeddable":true,"href":"https:\/\/www.radiosanctispiritus.cu\/es\/wp-json\/wp\/v2\/media\/772"}],"wp:attachment":[{"href":"https:\/\/www.radiosanctispiritus.cu\/es\/wp-json\/wp\/v2\/media?parent=770"}],"wp:term":[{"taxonomy":"category","embeddable":true,"href":"https:\/\/www.radiosanctispiritus.cu\/es\/wp-json\/wp\/v2\/categories?post=770"},{"taxonomy":"post_tag","embeddable":true,"href":"https:\/\/www.radiosanctispiritus.cu\/es\/wp-json\/wp\/v2\/tags?post=770"},{"taxonomy":"author","embeddable":true,"href":"https:\/\/www.radiosanctispiritus.cu\/es\/wp-json\/wp\/v2\/coauthors?post=770"}],"curies":[{"name":"wp","href":"https:\/\/api.w.org\/{rel}","templated":true}]}}