{"id":7282,"date":"2023-01-28T00:10:24","date_gmt":"2023-01-28T05:10:24","guid":{"rendered":"https:\/\/www.radiosanctispiritus.cu\/es\/?p=7282"},"modified":"2023-01-28T00:10:24","modified_gmt":"2023-01-28T05:10:24","slug":"usuarios-mas-cerca-de-biblioteca-publica-tras-digitalizacion-de-fondos","status":"publish","type":"post","link":"https:\/\/www.radiosanctispiritus.cu\/es\/usuarios-mas-cerca-de-biblioteca-publica-tras-digitalizacion-de-fondos\/","title":{"rendered":"Usuarios m\u00e1s cerca de biblioteca p\u00fablica tras digitalizaci\u00f3n de fondos"},"content":{"rendered":"<p>La reciente digitalizaci\u00f3n de los cat\u00e1logos de la Biblioteca Municipal Rolando Hern\u00e1ndez Lemus, primera de su tipo en Cuba que completa este proceso, le facilita a la instituci\u00f3n localizada en esta localidad un mayor acercamiento al p\u00fablico y pone a disposici\u00f3n de los usuarios una forma r\u00e1pida y f\u00e1cil de acceder a sus fondos.<\/p>\n<p>Considerado uno de los centros culturales m\u00e1s importantes de la provincia de Sancti Sp\u00edritus, la instalaci\u00f3n que celebr\u00f3 el pasado a\u00f1o sus cinco d\u00e9cadas de creada se inserta en el escenario virtual y a trav\u00e9s de WhatsApp, Telegram o el propio correo electr\u00f3nico logra multiplicar sus lectores, hecho que, sin dudas, la compromete a ofrecer un servicio de mayor calidad e inmediatez.<\/p>\n<p>\u00c1ngel Mart\u00ednez Niub\u00f3, reconocido escritor y director de la casona de dos plantan que otrora fuera un teatro, destac\u00f3 a la ACN que gracias a la entrega y conocimientos de las bibliotecarias lograron sustituir la forma tradicional de los cat\u00e1logos en papel por un programa minuciosamente elaborado en el que se introdujeron los datos de los libros, separados por nombre, autor y contenido.<\/p>\n<p>Para evitar cualquier contratiempo en medio de la situaci\u00f3n electroenerg\u00e9tica que a\u00fan atraviesa el pa\u00eds, una preocupaci\u00f3n para trabajadores y lectores, el incansable promotor signific\u00f3 que dise\u00f1aron adem\u00e1s una aplicaci\u00f3n para m\u00f3viles y otros dispositivos que permite el acceso a las colecciones de la \u00abRolando Hern\u00e1ndez Lemus\u00bb.<\/p>\n<p>Mart\u00ednez Niub\u00f3 resalt\u00f3 tambi\u00e9n la aceptaci\u00f3n que tiene el servicio de env\u00edo de t\u00edtulos en formato PDF desde los perfiles de Facebook o desde una cuenta en el propio WhatsApp destinada s\u00f3lo a esta funci\u00f3n, pues la biblioteca, acot\u00f3, posee actualmente un inventario de vol\u00famenes digitales tan extenso como el de los t\u00edtulos impresos y de esta forma hemos podido distribuirlos en la Isla y fuera de sus fronteras.<\/p>\n<p>Autor de Luz\u00e1ngela y Tras el olor de las muchachas tristes, el creador insisti\u00f3 en el papel que desempe\u00f1aron en todo el proceso las bibliotecarias, seres \u00fanicos -como las ha denominado- que se encargaron de recopilar y procesar los datos de los libros para la materializaci\u00f3n de estos proyectos.<\/p>\n<p>Desde hace alg\u00fan tiempo en la \u00abRolando Hern\u00e1ndez Lemus\u00bb laboran, a su vez, para llevar las inscripciones de los usuarios al formato virtual.<\/p>\n<p>Es de agradecer que cada municipio de esta naci\u00f3n e, incluso, comunidades serranas apartadas, tengan un lugar para fomentar el aprendizaje y establecer las bases del desarrollo y de la custodia del patrimonio cultural, dijo, pero hay que pensar m\u00e1s all\u00e1, con visi\u00f3n de futuro.<\/p>\n","protected":false},"excerpt":{"rendered":"<p>La biblioteca posee actualmente un inventario de vol\u00famenes digitales tan extenso como el de los t\u00edtulos impresos y de esta forma han podido distribuirlos en la Isla y fuera de sus fronteras.<\/p>\n","protected":false},"author":123,"featured_media":7283,"comment_status":"open","ping_status":"open","sticky":false,"template":"","format":"standard","meta":{"_acf_changed":false,"footnotes":""},"categories":[6,8],"tags":[639,640,630],"coauthors":[],"class_list":["post-7282","post","type-post","status-publish","format-standard","has-post-thumbnail","hentry","category-cultura","category-noticia","tag-biblioteca","tag-digitalizacion","tag-fomento"],"acf":[],"_links":{"self":[{"href":"https:\/\/www.radiosanctispiritus.cu\/es\/wp-json\/wp\/v2\/posts\/7282","targetHints":{"allow":["GET"]}}],"collection":[{"href":"https:\/\/www.radiosanctispiritus.cu\/es\/wp-json\/wp\/v2\/posts"}],"about":[{"href":"https:\/\/www.radiosanctispiritus.cu\/es\/wp-json\/wp\/v2\/types\/post"}],"author":[{"embeddable":true,"href":"https:\/\/www.radiosanctispiritus.cu\/es\/wp-json\/wp\/v2\/users\/123"}],"replies":[{"embeddable":true,"href":"https:\/\/www.radiosanctispiritus.cu\/es\/wp-json\/wp\/v2\/comments?post=7282"}],"version-history":[{"count":0,"href":"https:\/\/www.radiosanctispiritus.cu\/es\/wp-json\/wp\/v2\/posts\/7282\/revisions"}],"wp:featuredmedia":[{"embeddable":true,"href":"https:\/\/www.radiosanctispiritus.cu\/es\/wp-json\/wp\/v2\/media\/7283"}],"wp:attachment":[{"href":"https:\/\/www.radiosanctispiritus.cu\/es\/wp-json\/wp\/v2\/media?parent=7282"}],"wp:term":[{"taxonomy":"category","embeddable":true,"href":"https:\/\/www.radiosanctispiritus.cu\/es\/wp-json\/wp\/v2\/categories?post=7282"},{"taxonomy":"post_tag","embeddable":true,"href":"https:\/\/www.radiosanctispiritus.cu\/es\/wp-json\/wp\/v2\/tags?post=7282"},{"taxonomy":"author","embeddable":true,"href":"https:\/\/www.radiosanctispiritus.cu\/es\/wp-json\/wp\/v2\/coauthors?post=7282"}],"curies":[{"name":"wp","href":"https:\/\/api.w.org\/{rel}","templated":true}]}}